{"id":1700,"date":"2010-04-14T15:43:54","date_gmt":"2010-04-14T14:43:54","guid":{"rendered":"http:\/\/www.ub.edu\/retrucs\/?p=1700"},"modified":"2026-02-08T16:03:57","modified_gmt":"2026-02-08T15:03:57","slug":"diccionaris-personalitzats-del-word","status":"publish","type":"post","link":"https:\/\/www.ub.edu\/retrucs\/diccionaris-personalitzats-del-word\/","title":{"rendered":"Diccionaris personalitzats del Word"},"content":{"rendered":"\n<p>Tot i que ja hem parlat en altres ocasions dels diccionaris personalitzats del Word \u2014sobretot en relaci\u00f3 amb el <a href=\"https:\/\/diposit.ub.edu\/dspace\/handle\/2445\/216377\">diccionari personalitzat<\/a> que us oferim des dels Serveis Ling\u00fc\u00edstics de la UB\u2014, encara en volem parlar un cop m\u00e9s per remarcar algunes q\u00fcestions interessants.<\/p>\n\n\n\n<p>Com ja sabeu, el Word permet que l\u2019usuari vagi completant el l\u00e8xic del programa afegint en el diccionari personalitzat els mots que el verificador desconeix. Aquesta acci\u00f3 no es fa sobre el diccionari principal, que no \u00e9s editable, sin\u00f3 que es fa amb el diccionari personalitzat que el Word crea.<\/p>\n\n\n\n<p>Per afegir un mot nou al diccionari personalitzat heu de triar l\u2019opci\u00f3 <em>Afegeix al diccionari<\/em> del men\u00fa emergent o pr\u00e9mer el bot\u00f3 corresponent del quadre de di\u00e0leg de la revisi\u00f3 ortogr\u00e0fica. Abans d\u2019incloure un mot nou sempre us heu d\u2019assegurar que el mot \u00e9s correcte. Si teniu m\u00e9s d\u2019un diccionari personalitzat, els mots nous s\u2019afegiran al diccionari que estigui marcat com a predeterminat.<\/p>\n\n\n\n<p>El diccionari personalitzat \u00e9s editable, i hi podeu accedir mitjan\u00e7ant l\u2019opci\u00f3 <code>Fitxer &gt; Opcions &gt; Correcci\u00f3 &gt; Diccionaris personalitzats &gt; Edita la llista de paraules<\/code>.<sup>1<\/sup><\/p>\n\n\n\n<p>Per defecte el diccionari personalitzat del Word queda associat a totes les lleng\u00fces. Aix\u00f2 vol dir que qualsevol mot que hi afegiu es registra en un sol fitxer independentment de la llengua del document. Us recomanem, per tant, tenir un diccionari personalitzat per a cada llengua de treball, per evitar barreges ling\u00fc\u00edstiques que poden ser perilloses.<\/p>\n\n\n\n<p>Per associar un diccionari personalitzat a una llengua determinada, canvieu el par\u00e0metre a la part inferior del quadre de di\u00e0leg, que per defecte est\u00e0 associat a totes les lleng\u00fces.<\/p>\n\n\n<div class=\"wp-block-image\">\n<figure class=\"aligncenter\"><a href=\"https:\/\/www.ub.edu\/retrucs\/wp-content\/uploads\/llengua-diccionari.png\"><img loading=\"lazy\" decoding=\"async\" width=\"600\" height=\"354\" src=\"https:\/\/www.ub.edu\/retrucs\/wp-content\/uploads\/llengua-diccionari.png\" alt=\"llengua-diccionari\" class=\"wp-image-4483\" srcset=\"https:\/\/www.ub.edu\/retrucs\/wp-content\/uploads\/llengua-diccionari.png 600w, https:\/\/www.ub.edu\/retrucs\/wp-content\/uploads\/llengua-diccionari-300x177.png 300w, https:\/\/www.ub.edu\/retrucs\/wp-content\/uploads\/llengua-diccionari-332x195.png 332w\" sizes=\"auto, (max-width: 600px) 100vw, 600px\" \/><\/a><figcaption class=\"wp-element-caption\">Selecci\u00f3 de la llengua del diccionari personalitzat<\/figcaption><\/figure>\n<\/div>\n\n\n<p>Quan associeu el diccionari personalitzat a una llengua, en editar un document en una altra de diferent, primer heu de crear un altre diccionari personalitzat associat a aquesta altra llengua si hi voleu afegir cap mot.<\/p>\n\n\n\n<p>Per crear un diccionari personalitzat nou, nom\u00e9s heu de pr\u00e9mer el bot\u00f3 <code>Crea<\/code> del quadre de di\u00e0leg dels diccionaris personalitzats.<br \/>\n<span style=\"color: #888888;\">_____<\/span><br \/>\n1. A les versions 2003 i anteriors, <code>Eines &gt; Opcions &gt; Ortografia i gram\u00e0tica &gt; Diccionaris personalitzats<\/code> <code>&gt; Edita la llista de paraules<\/code>.<\/p>\n","protected":false},"excerpt":{"rendered":"<p>Tot i que ja hem parlat en altres ocasions dels diccionaris personalitzats del Word \u2014sobretot en relaci\u00f3 amb el diccionari personalitzat que us oferim des dels Serveis Ling\u00fc\u00edstics de la UB\u2014, encara en volem parlar un cop m\u00e9s per remarcar algunes q\u00fcestions interessants. Com ja sabeu, el Word permet que &#8230;<\/p>\n","protected":false},"author":4,"featured_media":16725,"comment_status":"open","ping_status":"open","sticky":false,"template":"","format":"standard","meta":{"_acf_changed":false,"footnotes":""},"categories":[327,1],"tags":[10,15,19],"class_list":["post-1700","post","type-post","status-publish","format-standard","has-post-thumbnail","hentry","category-correccio-diccionaris","category-retrucs","tag-correctors","tag-llengua","tag-word","column","threecol","has-thumbnail"],"acf":[],"_links":{"self":[{"href":"https:\/\/www.ub.edu\/retrucs\/wp-json\/wp\/v2\/posts\/1700","targetHints":{"allow":["GET"]}}],"collection":[{"href":"https:\/\/www.ub.edu\/retrucs\/wp-json\/wp\/v2\/posts"}],"about":[{"href":"https:\/\/www.ub.edu\/retrucs\/wp-json\/wp\/v2\/types\/post"}],"author":[{"embeddable":true,"href":"https:\/\/www.ub.edu\/retrucs\/wp-json\/wp\/v2\/users\/4"}],"replies":[{"embeddable":true,"href":"https:\/\/www.ub.edu\/retrucs\/wp-json\/wp\/v2\/comments?post=1700"}],"version-history":[{"count":1,"href":"https:\/\/www.ub.edu\/retrucs\/wp-json\/wp\/v2\/posts\/1700\/revisions"}],"predecessor-version":[{"id":16724,"href":"https:\/\/www.ub.edu\/retrucs\/wp-json\/wp\/v2\/posts\/1700\/revisions\/16724"}],"wp:featuredmedia":[{"embeddable":true,"href":"https:\/\/www.ub.edu\/retrucs\/wp-json\/wp\/v2\/media\/16725"}],"wp:attachment":[{"href":"https:\/\/www.ub.edu\/retrucs\/wp-json\/wp\/v2\/media?parent=1700"}],"wp:term":[{"taxonomy":"category","embeddable":true,"href":"https:\/\/www.ub.edu\/retrucs\/wp-json\/wp\/v2\/categories?post=1700"},{"taxonomy":"post_tag","embeddable":true,"href":"https:\/\/www.ub.edu\/retrucs\/wp-json\/wp\/v2\/tags?post=1700"}],"curies":[{"name":"wp","href":"https:\/\/api.w.org\/{rel}","templated":true}]}}