{"id":6297,"date":"2015-01-23T11:36:08","date_gmt":"2015-01-23T10:36:08","guid":{"rendered":"http:\/\/www.ub.edu\/retrucs\/?p=6297"},"modified":"2025-06-20T12:33:24","modified_gmt":"2025-06-20T10:33:24","slug":"les-llicencies-de-creative-commons-i-lexplotacio-comercial","status":"publish","type":"post","link":"https:\/\/www.ub.edu\/retrucs\/les-llicencies-de-creative-commons-i-lexplotacio-comercial\/","title":{"rendered":"Les llic\u00e8ncies de Creative Commons i l&#8217;explotaci\u00f3 comercial"},"content":{"rendered":"\n<p>A final de 2014 va sorgir una <a href=\"https:\/\/www.techdirt.com\/articles\/20141201\/12352729288\/flickr-plans-to-sell-creative-commons-photos-thats-okay.shtml\">pol\u00e8mica <\/a>a la xarxa referent al servei Wall Art de la plataforma <a href=\"https:\/\/www.flickr.com\/create\">Flickr<\/a>,&nbsp;que permet la impressi\u00f3 de fotografies pr\u00f2pies o d&#8217;un grup seleccionat. La pol\u00e8mica es va generar per la inclusi\u00f3 de fotografies subjectes a determinades llic\u00e8ncies de Creative Commons en aquest <a href=\"http:\/\/blog.flickr.net\/en\/2014\/11\/20\/50-million-creative-commons-images-flickr-wall-art\/\">grup <\/a>i es va tancar amb la seva <a href=\"http:\/\/blog.flickr.net\/en\/2014\/12\/18\/an-update-on-flickr-wall-art\/\">exclusi\u00f3<\/a>. Mort el gos, morta la r\u00e0bia? B\u00e9, de fet caldria dir que les fotografies seleccionades per Flickr havien estat publicades pels autors amb l&#8217;autoritzaci\u00f3 de qualsevol \u00fas comercial i transformaci\u00f3, sempre que se&#8217;n reconegu\u00e9s l&#8217;autoria mitjan\u00e7ant la llic\u00e8ncia corresponent.<\/p>\n\n\n\n<p>Aquesta pol\u00e8mica \u00e9s un reflex de la situaci\u00f3 actual de les llic\u00e8ncies de Creative Commons: molta gent en coneix l&#8217;exist\u00e8ncia per\u00f2 una gran majoria encara no ent\u00e9n com funcionen o per a qu\u00e8 serveixen. En aquest breu apunt intentar\u00e9 explicar-ho.<\/p>\n\n\n\n<p>Primer de tot, cal dir que les llic\u00e8ncies s\u00f3n un instrument legal per exercir els drets de propietat intel\u00b7lectual que tenen els autors o els titulars de les obres. Llevat de situacions puntuals previstes en&nbsp;les diferents lleis aplicables, aquests drets s&#8217;han exercit de manera restrictiva, limitant els usos d&#8217;una obra i requerint un perm\u00eds expl\u00edcit d&#8217;utilitzaci\u00f3: la coneguda situaci\u00f3 de \u00abTots els drets reservats\u00bb, que tamb\u00e9 s&#8217;aplica per defecte quan no hi ha cap indicaci\u00f3.&nbsp;Les llic\u00e8ncies de Creative Commons serveixen perqu\u00e8 els titulars permetin un \u00fas m\u00e9s ampli de les seves obres, amb la possibilitat per\u00f2 d&#8217;imposar-hi unes condicions i uns requeriments.<\/p>\n\n\n\n<p>Actualment, s&#8217;ofereixen <a href=\"https:\/\/creativecommons.org\/licenses\/list.ca\">sis llic\u00e8ncies<\/a> que permeten autoritzar la reproducci\u00f3, la distribuci\u00f3 i la comunicaci\u00f3 p\u00fablica d&#8217;un contingut en qualsevol format, sempre que no se&#8217;n faci un \u00fas comercial, se&#8217;n reconegui l&#8217;autoria o la titularitat i, si escau, es mantingui la indicaci\u00f3 de la llic\u00e8ncia. Tres d&#8217;aquestes llic\u00e8ncies permeten que se&#8217;n puguin fer usos&nbsp;comercials. Pel que fa a la transformaci\u00f3 del material per crear obres derivades, dues llic\u00e8ncies ho permeten, dues no i les altres dues en permeten la transformaci\u00f3 amb la condici\u00f3 que la nova obra mantingui la llic\u00e8ncia del contingut original. Aquesta \u00faltima condici\u00f3, que rep el nom de <a href=\"https:\/\/creativecommons.org\/licenses\/list.ca\">Share Alike<\/a> (Compartir Igual), est\u00e0 inspirada en el concepte del <a href=\"https:\/\/www.gnu.org\/copyleft\/copyleft.ca.html\">Copyleft<\/a>.<\/p>\n\n\n\n<p>Aix\u00ed doncs, l&#8217;elecci\u00f3 de la llic\u00e8ncia determina com i en quines condicions es pot utilitzar un contingut sense demanar perm\u00eds i quan cal demanar-lo. Emprar una llic\u00e8ncia que no permet una explotaci\u00f3 comercial no implica que l&#8217;obra no pugui ser comercialitzada per l&#8217;autor, pel titular o per una altra persona, sin\u00f3 que cal que demanar a l&#8217;autor, o al titular dels drets, el perm\u00eds&nbsp;corresponent . Ara b\u00e9, si s&#8217;escull una llic\u00e8ncia que concedeix l&#8217;explotaci\u00f3 comercial, el titular dels drets de l&#8217;obra no pot impedir que una persona o una organitzaci\u00f3 es lucri utilitzant-la, perqu\u00e8 justament \u00e9s el que ha autoritzat.<\/p>\n","protected":false},"excerpt":{"rendered":"<p>A final de 2014 va sorgir una pol\u00e8mica a la xarxa referent al servei Wall Art de la plataforma Flickr,&nbsp;que permet la impressi\u00f3 de fotografies pr\u00f2pies o d&#8217;un grup seleccionat. La pol\u00e8mica es va generar per la inclusi\u00f3 de fotografies subjectes a determinades llic\u00e8ncies de Creative Commons en aquest grup &#8230;<\/p>\n","protected":false},"author":3,"featured_media":7763,"comment_status":"open","ping_status":"open","sticky":false,"template":"","format":"quote","meta":{"_acf_changed":false,"footnotes":""},"categories":[279,261,1],"tags":[96],"class_list":["post-6297","post","type-post","status-publish","format-quote","has-post-thumbnail","hentry","category-autoria","category-recursos-grafics-div","category-retrucs","tag-llicencies","post_format-post-format-quote","column","threecol","has-thumbnail"],"acf":[],"_links":{"self":[{"href":"https:\/\/www.ub.edu\/retrucs\/wp-json\/wp\/v2\/posts\/6297","targetHints":{"allow":["GET"]}}],"collection":[{"href":"https:\/\/www.ub.edu\/retrucs\/wp-json\/wp\/v2\/posts"}],"about":[{"href":"https:\/\/www.ub.edu\/retrucs\/wp-json\/wp\/v2\/types\/post"}],"author":[{"embeddable":true,"href":"https:\/\/www.ub.edu\/retrucs\/wp-json\/wp\/v2\/users\/3"}],"replies":[{"embeddable":true,"href":"https:\/\/www.ub.edu\/retrucs\/wp-json\/wp\/v2\/comments?post=6297"}],"version-history":[{"count":4,"href":"https:\/\/www.ub.edu\/retrucs\/wp-json\/wp\/v2\/posts\/6297\/revisions"}],"predecessor-version":[{"id":17405,"href":"https:\/\/www.ub.edu\/retrucs\/wp-json\/wp\/v2\/posts\/6297\/revisions\/17405"}],"wp:featuredmedia":[{"embeddable":true,"href":"https:\/\/www.ub.edu\/retrucs\/wp-json\/wp\/v2\/media\/7763"}],"wp:attachment":[{"href":"https:\/\/www.ub.edu\/retrucs\/wp-json\/wp\/v2\/media?parent=6297"}],"wp:term":[{"taxonomy":"category","embeddable":true,"href":"https:\/\/www.ub.edu\/retrucs\/wp-json\/wp\/v2\/categories?post=6297"},{"taxonomy":"post_tag","embeddable":true,"href":"https:\/\/www.ub.edu\/retrucs\/wp-json\/wp\/v2\/tags?post=6297"}],"curies":[{"name":"wp","href":"https:\/\/api.w.org\/{rel}","templated":true}]}}