{"id":7061,"date":"2016-06-23T10:00:36","date_gmt":"2016-06-23T08:00:36","guid":{"rendered":"http:\/\/www.ub.edu\/retrucs\/?p=7061"},"modified":"2024-11-01T10:54:35","modified_gmt":"2024-11-01T09:54:35","slug":"languagetool-mes-enlla-dels-verificadors-ortografics","status":"publish","type":"post","link":"https:\/\/www.ub.edu\/retrucs\/languagetool-mes-enlla-dels-verificadors-ortografics\/","title":{"rendered":"LanguageTool: m\u00e9s enll\u00e0 dels verificadors ortogr\u00e0fics"},"content":{"rendered":"\n<p>Els verificadors ortogr\u00e0fics tenen una s\u00e8rie de limitacions que haurien de ser conegudes, almenys intu\u00eftivament, per qualsevol usuari amb uns coneixements m\u00ednims de llengua. Vegeu, per exemple, \u00ab<a href=\"http:\/\/en-altres-paraules.blogspot.com.es\/2015\/03\/avantatges-i-limitacions-dels.html\">Avantatges i limitacions dels verificadors ortogr\u00e0fics<\/a>\u00bb (Neus Nogu\u00e9, 20-3-2015).<\/p>\n\n\n\n<p>\u00bfEs pot anar m\u00e9s enll\u00e0 de la simple revisi\u00f3 ortogr\u00e0fica que ens ofereixen els correctors convencionals? La resposta \u00e9s que s\u00ed. Avui dia en catal\u00e0 disposem d&#8217;un programa molt potent que, a m\u00e9s de revisi\u00f3 ortogr\u00e0fica, tamb\u00e9 fa revisi\u00f3 gramatical i estil\u00edstica. \u00c9s el <a href=\"https:\/\/www.languagetool.org\/\"> LanguageTool<\/a>. Es tracta d&#8217;un programa&nbsp;de codi obert, internacional i multiling\u00fce, amb una comunitat molt activa de desenvolupadors i usuaris, que li donen solv\u00e8ncia tecnol\u00f2gica i li&nbsp;asseguren la continu\u00eftat. El LanguageTool funciona en m\u00e9s d&#8217;<a href=\"https:\/\/languagetool.org\/languages\/.\">una vintena de lleng\u00fces<\/a>. El grau de servei en les diferents lleng\u00fces \u00e9s desigual, per\u00f2 el <a href=\"https:\/\/languagetool.org\/ca\/\"> catal\u00e0 <\/a> \u00e9s una de les lleng\u00fces m\u00e9s desenvolupades. Ara mateix t\u00e9 m\u00e9s de 2.500 regles que ajuden a fer una revisi\u00f3 ling\u00fc\u00edstica que, si b\u00e9 no \u00e9s exhaustiva i sempre requereix una supervisi\u00f3 humana, va molt m\u00e9s lluny del que es podia imaginar fins fa poc.<\/p>\n\n\n\n<p>\u00c9s complicat donar una visi\u00f3 global de tot el que aporta. Hi ha regles per a errors ortogr\u00e0fics, barbarismes, errors gramaticals de tota mena, errors tipogr\u00e0fics, confusions t\u00edpiques de picatge, errors sem\u00e0ntics segons el context, variants dialectals i diferents prefer\u00e8ncies estil\u00edstiques. La casu\u00edstica de tot el que pot fer un verificador ling\u00fc\u00edstic \u00e9s tan inabastable com la llengua mateixa. Per a una valoraci\u00f3, encara que molt parcial, d&#8217;aquestes possibilitats vegeu l&#8217;article \u00ab<a href=\"http:\/\/www.migjorn.cat\/bd\/jortola_verificadors.pdf\">Expandint els l\u00edmits dels verificadors ling\u00fc\u00edstics<\/a>\u00bb, a <a href=\"http:\/\/migjorn.cat\/benvinguda.html\">InfoMigjorn<\/a>.<\/p>\n\n\n\n<p>En qualsevol cas, la millor manera de fer-se&#8217;n una idea \u00e9s utilitzar-lo. Per sort, cada vegada hi ha m\u00e9s maneres de fer-ho. Vegem-ne unes quantes.<\/p>\n\n\n\n<ol class=\"wp-block-list\">\n<li>En un editor en l\u00ednia, com el que podeu trobar als webs de <a href=\"https:\/\/www.softcatala.org\/corrector\/\"> Softcatal\u00e0 <\/a> i <a href=\"https:\/\/www.languagetool.org\/\"> LanguageTool<\/a>. \u00c9s una de les maneres m\u00e9s populars de fer-lo servir. Al web de Softcatal\u00e0 es revisen m\u00e9s de 120.000 texts cada dia. \u00c9s apropiat per a revisar texts breus de manera f\u00e0cil i r\u00e0pida, sense haver d&#8217;instal\u00b7lar cap programa.<\/li>\n\n\n\n<li>En el Writer del&nbsp;<a href=\"https:\/\/www.softcatala.org\/programes\/libreoffice\/\">LibreOffice <\/a> amb l&#8217;<a href=\"https:\/\/www.softcatala.org\/programes\/corrector-gramatical-en-catala-languagetool-per-al-libreoffice-apache-openoffice\/\">extensi\u00f3 <\/a> corresponent. \u00c9s el processador de texts lliure m\u00e9s popular i LanguageTool hi ha estat vinculat des de sempre. \u00c9s el m\u00e8tode indicat per a revisar documents m\u00e9s llargs, i imprescindible si el document t\u00e9 molta formataci\u00f3 (cursives, negretes, taules, etc.), que d&#8217;una altra manera es perdria.<\/li>\n\n\n\n<li>En una extensi\u00f3 per als navegadors <a href=\"https:\/\/www.softcatala.org\/programes\/corrector-gramatical-en-catala-languagetool-per-al-chrome\/\">Chrome<\/a> i <a href=\"https:\/\/www.softcatala.org\/programes\/corrector-gramatical-en-catala-languagetool-per-al-firefox\/\">Firefox<\/a>. Ens servir\u00e0 per a revisar els escrits que fem en qualsevol aplicaci\u00f3 en l\u00ednia (correu electr\u00f2nic, Twitter, Facebook, formularis web, etc.).<\/li>\n\n\n\n<li>En una <a href=\"https:\/\/www.softcatala.org\/programes\/corrector-gramatical-en-catala-languagetool-per-al-microsoft-word\/\"> extensi\u00f3 <\/a> per a Microsoft Word, que \u00e9s un dels processadors de texts m\u00e9s usats i amb m\u00e9s hist\u00f2ria. Aquesta extensi\u00f3, per\u00f2, t\u00e9 limitacions. La revisi\u00f3 nom\u00e9s funciona en el mode de \u00abquadre de di\u00e0leg\u00bb, no se subratllen els possibles errors, i per tant l&#8217;usuari ha de tenir una mica m\u00e9s de cura. Si esteu lligats per alguna ra\u00f3 a l&#8217;\u00fas del Word, \u00e9s l&#8217;\u00fanica opci\u00f3 disponible.<\/li>\n\n\n\n<li>Com a corrector de sistema per a Android (4.4 i posteriors), que integra el LanguageTool dins del sistema operatiu Android. En alguns models no funciona.<sup class='footnote'><a href='https:\/\/www.ub.edu\/retrucs\/languagetool-mes-enlla-dels-verificadors-ortografics\/#fn-7061-1' id='fnref-7061-1' onclick='return fdfootnote_show(7061)'>1<\/a><\/sup><\/li>\n\n\n\n<li>En un corrector espec\u00edfic per a articles de la Viquip\u00e8dia.<sup class='footnote'><a href='https:\/\/www.ub.edu\/retrucs\/languagetool-mes-enlla-dels-verificadors-ortografics\/#fn-7061-2' id='fnref-7061-2' onclick='return fdfootnote_show(7061)'>2<\/a><\/sup><\/li>\n<\/ol>\n\n\n\n<p>A m\u00e9s a m\u00e9s, el corrector LanguageTool el fem servir per a fer correccions massives en la Viquip\u00e8dia catalana amb l&#8217;ajuda d&#8217;un <a href=\"https:\/\/ca.wikipedia.org\/w\/index.php?title=Especial:Contribucions\/Langtoolbot\"> bot <\/a> que ja ha fet prop d&#8217;un mili\u00f3 d&#8217;edicions, i tamb\u00e9 per a fer controls de qualitat, com per exemple en les <a href=\"https:\/\/www.softcatala.org\/recursos\/memories.html\"> mem\u00f2ries de traducci\u00f3 <\/a> de Softcatal\u00e0 o en produccions editorials de gran volum.<\/p>\n\n\n\n<p>Proveu-lo i us convencereu de la utilitat que t\u00e9. Tamb\u00e9 podeu contribuir a millorar-lo amb les vostres idees i els vostres suggeriments.<\/p>\n\n\n<div class=\"wonderpluginslider-container\" id=\"wonderpluginslider-container-23\" style=\"max-width:900px;margin:0 auto;padding-left:0px;padding-right:0px;padding-top:0px;padding-bottom:0px;\"><div class=\"wonderpluginslider\" id=\"wonderpluginslider-23\" data-sliderid=\"23\" data-width=\"900\" data-height=\"530\" data-skin=\"classic\" data-autoplay=\"true\" data-randomplay=\"false\" data-autoplayvideo=\"false\" data-isresponsive=\"true\" data-fullwidth=\"false\" data-showtext=\"true\" data-showtimer=\"true\" data-showbottomshadow=\"true\" data-navshowpreview=\"true\" data-lightboxresponsive=\"true\" data-lightboxshownavigation=\"false\" data-lightboxshowtitle=\"true\" data-lightboxshowdescription=\"false\" data-titleusealt=\"false\" data-outputtext=\"false\" data-scalemode=\"fill\" data-arrowstyle=\"mouseover\" data-transition=\"slide\" data-loop=\"0\" data-border=\"0\" data-slideinterval=\"8000\" data-arrowimage=\"arrows-32-32-0.png\" data-arrowwidth=\"32\" data-arrowheight=\"32\" data-arrowtop=\"50\" data-arrowmargin=\"8\" data-navstyle=\"bullets\" data-navimage=\"bullet-24-24-0.png\" data-navwidth=\"24\" data-navheight=\"24\" data-navspacing=\"8\" data-navmarginx=\"16\" data-navmarginy=\"16\" data-playvideoimage=\"playvideo-64-64-0.png\" data-playvideoimagewidth=\"64\" data-playvideoimageheight=\"64\" data-lightboxthumbwidth=\"90\" data-lightboxthumbheight=\"60\" data-lightboxthumbtopmargin=\"12\" data-lightboxthumbbottommargin=\"4\" data-lightboxbarheight=\"64\" data-lightboxtitlebottomcss=\"{color:#333; font-size:14px; font-family:Armata,sans-serif,Arial; overflow:hidden; text-align:left;}\" data-lightboxdescriptionbottomcss=\"{color:#333; font-size:12px; font-family:Arial,Helvetica,sans-serif; overflow:hidden; text-align:left; margin:4px 0px 0px; padding: 0px;}\" data-textformat=\"Bottom bar\" data-textpositionstatic=\"bottom\" data-textpositiondynamic=\"bottomleft\" data-paddingleft=\"0\" data-paddingright=\"0\" data-paddingtop=\"0\" data-paddingbottom=\"0\" data-textcss=\"display:block; padding:12px; text-align:left;\" data-textbgcss=\"display:block; position:absolute; top:0px; left:0px; width:100%; height:100%; background-color:#333333; opacity:0.6; filter:alpha(opacity=60);\" data-titlecss=\"display:block; position:relative; font:bold 14px &quot;Lucida Sans Unicode&quot;,&quot;Lucida Grande&quot;,sans-serif,Arial; color:#fff;\" data-descriptioncss=\"display:block; position:relative; font:12px &quot;Lucida Sans Unicode&quot;,&quot;Lucida Grande&quot;,sans-serif,Arial; color:#fff; margin-top:8px;\" data-jsfolder=\"https:\/\/www.ub.edu\/retrucs\/wp-content\/plugins\/wonderplugin-slider-lite\/engine\/\" style=\"display:none;\" ><ul class=\"amazingslider-slides\"  style=\"display:none;\"><li><img decoding=\"async\" class=\"amazingslider-img-elem amazingsliderimg\" src=\"http:\/\/www.ub.edu\/retrucs\/wp-content\/uploads\/lt-1.png\" alt=\"Web del LanguageTool\" title=\"Web del LanguageTool\" data-description=\"\" \/><\/li><li><img decoding=\"async\" class=\"amazingslider-img-elem amazingsliderimg\" src=\"http:\/\/www.ub.edu\/retrucs\/wp-content\/uploads\/lt-2.png\" alt=\"Correcci\u00f3 amb l&#39;extensi\u00f3 per al Word\" title=\"Correcci\u00f3 amb l&#39;extensi\u00f3 per al Word\" data-description=\"\" \/><\/li><li><img decoding=\"async\" class=\"amazingslider-img-elem amazingsliderimg\" src=\"http:\/\/www.ub.edu\/retrucs\/wp-content\/uploads\/lt-3.png\" alt=\"Correecci\u00f3 amb l&#39;extensi\u00f3 per al Chrome\" title=\"Correecci\u00f3 amb l&#39;extensi\u00f3 per al Chrome\" data-description=\"\" \/><\/li><\/ul><ul class=\"amazingslider-thumbnails\"  style=\"display:none;\"><li><img decoding=\"async\" class=\"amazingslider-thumbnail-elem amazingsliderthumbnailimg\" src=\"http:\/\/www.ub.edu\/retrucs\/wp-content\/uploads\/lt-1-150x150.png\" alt=\"Web del LanguageTool\" title=\"Web del LanguageTool\" data-description=\"\" \/><\/li><li><img decoding=\"async\" class=\"amazingslider-thumbnail-elem amazingsliderthumbnailimg\" src=\"http:\/\/www.ub.edu\/retrucs\/wp-content\/uploads\/lt-2-150x150.png\" alt=\"Correcci\u00f3 amb l&#39;extensi\u00f3 per al Word\" title=\"Correcci\u00f3 amb l&#39;extensi\u00f3 per al Word\" data-description=\"\" \/><\/li><li><img decoding=\"async\" class=\"amazingslider-thumbnail-elem amazingsliderthumbnailimg\" src=\"http:\/\/www.ub.edu\/retrucs\/wp-content\/uploads\/lt-3-150x150.png\" alt=\"Correecci\u00f3 amb l&#39;extensi\u00f3 per al Chrome\" title=\"Correecci\u00f3 amb l&#39;extensi\u00f3 per al Chrome\" data-description=\"\" \/><\/li><\/ul><\/div><\/div>\n\n\n","protected":false},"excerpt":{"rendered":"<p>Els verificadors ortogr\u00e0fics tenen una s\u00e8rie de limitacions que haurien de ser conegudes, almenys intu\u00eftivament, per qualsevol usuari amb uns coneixements m\u00ednims de llengua. Vegeu, per exemple, \u00abAvantatges i limitacions dels verificadors ortogr\u00e0fics\u00bb (Neus Nogu\u00e9, 20-3-2015). \u00bfEs pot anar m\u00e9s enll\u00e0 de la simple revisi\u00f3 ortogr\u00e0fica que ens ofereixen els &#8230;<\/p>\n","protected":false},"author":4,"featured_media":10704,"comment_status":"open","ping_status":"closed","sticky":false,"template":"","format":"quote","meta":{"_acf_changed":false,"footnotes":""},"categories":[256,1],"tags":[10,121,68],"class_list":["post-7061","post","type-post","status-publish","format-quote","has-post-thumbnail","hentry","category-eines-correccio","category-retrucs","tag-correctors","tag-languagetool","tag-softcatala","post_format-post-format-quote","column","threecol","has-thumbnail"],"acf":[],"_links":{"self":[{"href":"https:\/\/www.ub.edu\/retrucs\/wp-json\/wp\/v2\/posts\/7061","targetHints":{"allow":["GET"]}}],"collection":[{"href":"https:\/\/www.ub.edu\/retrucs\/wp-json\/wp\/v2\/posts"}],"about":[{"href":"https:\/\/www.ub.edu\/retrucs\/wp-json\/wp\/v2\/types\/post"}],"author":[{"embeddable":true,"href":"https:\/\/www.ub.edu\/retrucs\/wp-json\/wp\/v2\/users\/4"}],"replies":[{"embeddable":true,"href":"https:\/\/www.ub.edu\/retrucs\/wp-json\/wp\/v2\/comments?post=7061"}],"version-history":[{"count":0,"href":"https:\/\/www.ub.edu\/retrucs\/wp-json\/wp\/v2\/posts\/7061\/revisions"}],"wp:featuredmedia":[{"embeddable":true,"href":"https:\/\/www.ub.edu\/retrucs\/wp-json\/wp\/v2\/media\/10704"}],"wp:attachment":[{"href":"https:\/\/www.ub.edu\/retrucs\/wp-json\/wp\/v2\/media?parent=7061"}],"wp:term":[{"taxonomy":"category","embeddable":true,"href":"https:\/\/www.ub.edu\/retrucs\/wp-json\/wp\/v2\/categories?post=7061"},{"taxonomy":"post_tag","embeddable":true,"href":"https:\/\/www.ub.edu\/retrucs\/wp-json\/wp\/v2\/tags?post=7061"}],"curies":[{"name":"wp","href":"https:\/\/api.w.org\/{rel}","templated":true}]}}