{"id":4303,"date":"2025-02-28T13:25:29","date_gmt":"2025-02-28T12:25:29","guid":{"rendered":"https:\/\/angles.antartico.es\/?p=4303"},"modified":"2025-04-09T12:24:09","modified_gmt":"2025-04-09T10:24:09","slug":"estudiar-a-ledifici-historic-sort-o-desgracia","status":"publish","type":"post","link":"https:\/\/www.ub.edu\/revistaangle\/2025\/02\/28\/estudiar-a-ledifici-historic-sort-o-desgracia\/","title":{"rendered":"Estudiar a l\u2019Edifici Hist\u00f2ric, sort o desgr\u00e0cia?"},"content":{"rendered":"\n<p>Si ets estudiant de la Facultat de Filologia i Comunicaci\u00f3, probablement l\u2019opci\u00f3 m\u00e9s barata per anar a fer el caf\u00e8 a mig mat\u00ed fora de la universitat \u00e9s el 365 de Ronda Universitat, aquell local que t\u2019ha vist en les pitjors de les teves versions, aprofitant per fer una paradeta, tornant de festa a les 6 del mat\u00ed.<\/p>\n\n\n\n<p>El 365 et permetr\u00e0 comprar-te un caf\u00e8 per 1.60 per recordar-te que ets un trist estudiant sense diners, amb un regust fort que costa d\u2019empassar que, m\u00e9s tard, et far\u00e0 anar a un dels seus lavabos groguencs i bruts. Per\u00f2 eh, tindr\u00e0s l\u2019oportunitat d\u2019omplir-te d\u2019hist\u00f2ries que mostraran l\u2019aut\u00e8ntica i tendra bellesa i ess\u00e8ncia de la nostra ciutat. Un aqu\u00ed viur\u00e0 la m\u00e0xima experi\u00e8ncia barcelonina; una atenci\u00f3 r\u00e0pida i freda pr\u00f2pia de la hiperproductivitat dels temps que corren dins un local que podria ser com qualsevol altre de la mateixa cadena, ja que tots comparteixen les mateixes similituds.<\/p>\n\n\n\n<figure class=\"wp-block-image size-large\"><img fetchpriority=\"high\" decoding=\"async\" width=\"1024\" height=\"683\" src=\"https:\/\/www.ub.edu\/revistaangle\/wp-content\/uploads\/2025\/02\/CUERPO-2-1-1024x683.jpg\" alt=\"\" class=\"wp-image-4538\" srcset=\"https:\/\/www.ub.edu\/revistaangle\/wp-content\/uploads\/2025\/02\/CUERPO-2-1-1024x683.jpg 1024w, https:\/\/www.ub.edu\/revistaangle\/wp-content\/uploads\/2025\/02\/CUERPO-2-1-300x200.jpg 300w, https:\/\/www.ub.edu\/revistaangle\/wp-content\/uploads\/2025\/02\/CUERPO-2-1-768x512.jpg 768w, https:\/\/www.ub.edu\/revistaangle\/wp-content\/uploads\/2025\/02\/CUERPO-2-1-1035x690.jpg 1035w, https:\/\/www.ub.edu\/revistaangle\/wp-content\/uploads\/2025\/02\/CUERPO-2-1.jpg 1440w\" sizes=\"(max-width: 1024px) 100vw, 1024px\" \/><figcaption class=\"wp-element-caption\">Un grup de persones de diferents edats prenen un caf\u00e8 a la cafeteria 365 \/ Font: Mireia Palmer<\/figcaption><\/figure>\n\n\n\n<p>L\u2019establiment es caracteritza per l\u2019abund\u00e0ncia de persones consumint en qu\u00e8 totes comparteixen el fet de preferir estreny\u00e8r-se la butxaca que consumir a un altre lloc en millors condicions. Totes aquestes persones saben com entren, per\u00f2 no com surten. <\/p>\n\n\n\n<p>Mentre espero dreta a la cua, esperant ser atesa, observo la situaci\u00f3 i, en ser atesa, una persona em demana almoina i que li compri un t\u00e9 que vaig rebutjar. Amb el caf\u00e8 a la m\u00e0, de pura casualitat trobo una taula amb molles a sobre i amb una fina separaci\u00f3 amb les del meu costat. Tot i que \u00e9s dif\u00edcil trobar una taula buida i neta, acabes trobant-ne perqu\u00e8 el 365 \u00e9s una cafeteria de passada, on la gent va i ve. Per\u00f2 justament, els meus quasi \u201ccompanys de taula\u201d tenen una mirada fixa i concentrada en els seus respectius port\u00e0tils sense una xarxa de Wi-Fi pr\u00f2pia, per\u00f2 s\u00ed amb endolls per poder carregar els seus dispositius. No mentir\u00e9, admiro la seva capacitat de concentraci\u00f3 perqu\u00e8 la m\u00fasica tan forta que sona de fons junt amb el so del m\u00f2bil d\u2019un consumidor, el xivarri de la gent, el soroll de l\u2019aixeta de la barra, el fet de sentir-nos com sardines i l\u2019arribada d\u2019un nou individu demanant almoina alteren la tranquil\u00b7litat d\u2019un mateix.<\/p>\n\n\n\n<p>Al 365 no t\u2019atendran en catal\u00e0, per\u00f2 eh, la cartelleria s\u00ed que ho estar\u00e0. Tamb\u00e9, et trobar\u00e0s uns lavabos bruts i al pis de baix, per\u00f2 si no les pots baixar, s\u00ed hi haur\u00e0 un elevador que t\u2019ho permetr\u00e0. Fins i tot, podr\u00e0s veure el que passa al quarto del personal on l\u2019entrada est\u00e0 prohibida perqu\u00e8 treballen amb la porta oberta.<\/p>\n\n\n\n<p>Definitivament, ser estudiant a l\u2019Edifici Hist\u00f2ric pot ser una sort o una desgr\u00e0cia. El preu a pagar d\u2019estudiar a un edifici de m\u00e9s de cent anys de vida i objectivament bonic \u00e9s no tenir una cafeteria decent on poder anar que no sigui un Starbucks, un Buenas Migas, un El Fornet o un 365. Barcelona \u00e9s aix\u00f2 i el centre encara m\u00e9s.<\/p>\n\n\n\n<figure class=\"wp-block-image size-large\"><img decoding=\"async\" width=\"1024\" height=\"683\" data-src=\"https:\/\/www.ub.edu\/revistaangle\/wp-content\/uploads\/2025\/02\/CUERPO-4-1024x683.jpg\" alt=\"\" class=\"wp-image-4539 lazyload\" data-srcset=\"https:\/\/www.ub.edu\/revistaangle\/wp-content\/uploads\/2025\/02\/CUERPO-4-1024x683.jpg 1024w, https:\/\/www.ub.edu\/revistaangle\/wp-content\/uploads\/2025\/02\/CUERPO-4-300x200.jpg 300w, https:\/\/www.ub.edu\/revistaangle\/wp-content\/uploads\/2025\/02\/CUERPO-4-768x512.jpg 768w, https:\/\/www.ub.edu\/revistaangle\/wp-content\/uploads\/2025\/02\/CUERPO-4-1035x690.jpg 1035w, https:\/\/www.ub.edu\/revistaangle\/wp-content\/uploads\/2025\/02\/CUERPO-4.jpg 1440w\" data-sizes=\"(max-width: 1024px) 100vw, 1024px\" src=\"data:image\/svg+xml;base64,PHN2ZyB3aWR0aD0iMSIgaGVpZ2h0PSIxIiB4bWxucz0iaHR0cDovL3d3dy53My5vcmcvMjAwMC9zdmciPjwvc3ZnPg==\" style=\"--smush-placeholder-width: 1024px; --smush-placeholder-aspect-ratio: 1024\/683;\" \/><figcaption class=\"wp-element-caption\">Les cadenes de cafeteries, de mica en mica, acaben amb els bars de barri incrementat els preus \/ Font: Mireia Palmer<\/figcaption><\/figure>\n\n\n\n<h5 class=\"wp-block-heading\">Imatge destacada: Pati de l&#8217;edifici de la Facultat de Filologia i comunicaci\u00f3 de la Universitat de Barcelona \/ Font: Mireia Palmer.<\/h5>\n\n\n\n<p><\/p>\n","protected":false},"excerpt":{"rendered":"<p>Si ets estudiant de la Facultat de Filologia i Comunicaci\u00f3, probablement l\u2019opci\u00f3 m\u00e9s barata per anar a fer el caf\u00e8 a mig mat\u00ed fora de la universitat \u00e9s el 365 de Ronda Universitat, aquell local que t\u2019ha vist en les pitjors de les teves versions, aprofitant per fer una paradeta, tornant de festa a les [&hellip;]<\/p>\n","protected":false},"author":156,"featured_media":4537,"comment_status":"open","ping_status":"open","sticky":false,"template":"","format":"standard","meta":{"footnotes":""},"categories":[1],"tags":[661,656,77,34,627],"class_list":["post-4303","post","type-post","status-publish","format-standard","has-post-thumbnail","hentry","category-general","tag-alumni","tag-croniques","tag-joves","tag-societat","tag-universitat"],"_links":{"self":[{"href":"https:\/\/www.ub.edu\/revistaangle\/wp-json\/wp\/v2\/posts\/4303","targetHints":{"allow":["GET"]}}],"collection":[{"href":"https:\/\/www.ub.edu\/revistaangle\/wp-json\/wp\/v2\/posts"}],"about":[{"href":"https:\/\/www.ub.edu\/revistaangle\/wp-json\/wp\/v2\/types\/post"}],"author":[{"embeddable":true,"href":"https:\/\/www.ub.edu\/revistaangle\/wp-json\/wp\/v2\/users\/156"}],"replies":[{"embeddable":true,"href":"https:\/\/www.ub.edu\/revistaangle\/wp-json\/wp\/v2\/comments?post=4303"}],"version-history":[{"count":3,"href":"https:\/\/www.ub.edu\/revistaangle\/wp-json\/wp\/v2\/posts\/4303\/revisions"}],"predecessor-version":[{"id":4541,"href":"https:\/\/www.ub.edu\/revistaangle\/wp-json\/wp\/v2\/posts\/4303\/revisions\/4541"}],"wp:featuredmedia":[{"embeddable":true,"href":"https:\/\/www.ub.edu\/revistaangle\/wp-json\/wp\/v2\/media\/4537"}],"wp:attachment":[{"href":"https:\/\/www.ub.edu\/revistaangle\/wp-json\/wp\/v2\/media?parent=4303"}],"wp:term":[{"taxonomy":"category","embeddable":true,"href":"https:\/\/www.ub.edu\/revistaangle\/wp-json\/wp\/v2\/categories?post=4303"},{"taxonomy":"post_tag","embeddable":true,"href":"https:\/\/www.ub.edu\/revistaangle\/wp-json\/wp\/v2\/tags?post=4303"}],"curies":[{"name":"wp","href":"https:\/\/api.w.org\/{rel}","templated":true}]}}