{"id":6715,"date":"2025-11-03T11:00:00","date_gmt":"2025-11-03T10:00:00","guid":{"rendered":"https:\/\/www.ub.edu\/revistaangle\/?p=6715"},"modified":"2025-12-09T21:15:05","modified_gmt":"2025-12-09T20:15:05","slug":"comunicacio-etica-i-efectiva-emocions-mitjans-i-prejudicis-sota-el-focus","status":"publish","type":"post","link":"https:\/\/www.ub.edu\/revistaangle\/2025\/11\/03\/comunicacio-etica-i-efectiva-emocions-mitjans-i-prejudicis-sota-el-focus\/","title":{"rendered":"Comunicaci\u00f3 \u00e8tica i efectiva: emocions, mitjans i prejudicis sota el focus"},"content":{"rendered":"\n<p><strong>Universitat de Barcelona, 27 d\u2019octubre de 2025 \u2014 Aula Capella<\/strong><strong><br><\/strong>La jornada <em>\u201cComunicaci\u00f3 \u00e8tica \/ Comunicaci\u00f3 efectiva\u201d<\/em>, organitzada per la Secci\u00f3 de Comunicaci\u00f3 del Departament de Filologia Hisp\u00e0nica, Teoria de la Literatura i Comunicaci\u00f3, va reunir dues veus internacionals per reflexionar sobre els reptes actuals de la comunicaci\u00f3: la Dra. Virpi Saloj\u00e4rvi de la University of Helsinki i el Dr. Edward Schiappa del Massachusetts Institute of Technology (MIT)<\/p>\n\n\n\n<p>L\u2019activitat va obrir amb la confer\u00e8ncia de la Professora Saloj\u00e4rvi, titulada <em>\u201cDe morsas a balas en lugares inesperados: emociones en el n\u00facleo de los estudios y la pr\u00e1ctica period\u00edstica contempor\u00e1nea\u201d<\/em>. La investigadora finlandesa va centrar la seva intervenci\u00f3 en el paper de les emocions dins el periodisme actual, mostrant com la dimensi\u00f3 afectiva no nom\u00e9s influeix en la recepci\u00f3 de les not\u00edcies, sin\u00f3 tamb\u00e9 en la seva mateixa construcci\u00f3. Saloj\u00e4rvi va remarcar que \u201ccomunicar \u00e8ticament implica recon\u00e8ixer el poder emocional del llenguatge i actuar amb responsabilitat davant aquest poder\u201d.<\/p>\n\n\n\n<figure class=\"wp-block-image size-large\"><img fetchpriority=\"high\" decoding=\"async\" width=\"1024\" height=\"683\" src=\"https:\/\/www.ub.edu\/revistaangle\/wp-content\/uploads\/2025\/11\/CUERPO-1024x683.jpg\" alt=\"\" class=\"wp-image-6716\" srcset=\"https:\/\/www.ub.edu\/revistaangle\/wp-content\/uploads\/2025\/11\/CUERPO-1024x683.jpg 1024w, https:\/\/www.ub.edu\/revistaangle\/wp-content\/uploads\/2025\/11\/CUERPO-300x200.jpg 300w, https:\/\/www.ub.edu\/revistaangle\/wp-content\/uploads\/2025\/11\/CUERPO-768x512.jpg 768w, https:\/\/www.ub.edu\/revistaangle\/wp-content\/uploads\/2025\/11\/CUERPO.jpg 1440w\" sizes=\"(max-width: 1024px) 100vw, 1024px\" \/><figcaption class=\"wp-element-caption\"><em>Dra. Virpi Saloj\u00e4rvi (esquerra) en la jornada del mat\u00ed de <em>\u201cComunicaci\u00f3 \u00e8tica \/ Comunicaci\u00f3 efectiva\u201d<\/em> a l&#8217;aula capella de la Universitat de Barcelona<\/em><\/figcaption><\/figure>\n\n\n\n<p>L\u2019experta, a trav\u00e9s de casos reals i exemples de cobertures medi\u00e0tiques, va evidenciar com la tensi\u00f3 entre objectivitat i emoci\u00f3 \u00e9s avui un dels principals dilemes del periodisme, especialment en un context dominat per la immediatesa i les xarxes socials. El debat posterior amb el p\u00fablic va girar entorn de la necessitat d\u2019educar una audi\u00e8ncia cr\u00edtica, capa\u00e7 de recon\u00e8ixer com els discursos medi\u00e0tics afecten la seva percepci\u00f3 de la realitat.<\/p>\n\n\n\n<p>A la tarda, el Dr. Edward Schiappa va inaugurar oficialment el M\u00e0ster de Comunicaci\u00f3 Especialitzada amb la pon\u00e8ncia <em>\u201cCan popular media decrease prejudice? The Parasocial Contact Hypothesis\u201d<\/em>. El professor del MIT va presentar d\u00e8cades d\u2019investigaci\u00f3 sobre com la representaci\u00f3 medi\u00e0tica pot reduir els prejudicis entre grups socials. Basant-se en la <em>Contact Hypothesis<\/em> de Gordon Allport, l\u2019investigador va exposar com el contacte \u201cparasocial\u201d \u2014\u00e9s a dir, aquell que es produeix a trav\u00e9s dels mitjans\u2014 pot generar empatia i modificar actituds negatives cap a col\u00b7lectius minoritaris. S\u00e8ries com <em>Will &amp; Grace<\/em>, <em>Queer Eye<\/em> o <em>Orange Is the New Black<\/em> serveixen, segons ell, com a exemples de narratives que han contribu\u00eft a normalitzar identitats i fomentar una percepci\u00f3 m\u00e9s inclusiva.<\/p>\n\n\n\n<figure class=\"wp-block-image size-large\"><img decoding=\"async\" width=\"1024\" height=\"683\" data-src=\"https:\/\/www.ub.edu\/revistaangle\/wp-content\/uploads\/2025\/11\/CUERPO-2-1024x683.jpg\" alt=\"\" class=\"wp-image-6717 lazyload\" data-srcset=\"https:\/\/www.ub.edu\/revistaangle\/wp-content\/uploads\/2025\/11\/CUERPO-2-1024x683.jpg 1024w, https:\/\/www.ub.edu\/revistaangle\/wp-content\/uploads\/2025\/11\/CUERPO-2-300x200.jpg 300w, https:\/\/www.ub.edu\/revistaangle\/wp-content\/uploads\/2025\/11\/CUERPO-2-768x512.jpg 768w, https:\/\/www.ub.edu\/revistaangle\/wp-content\/uploads\/2025\/11\/CUERPO-2.jpg 1440w\" data-sizes=\"(max-width: 1024px) 100vw, 1024px\" src=\"data:image\/svg+xml;base64,PHN2ZyB3aWR0aD0iMSIgaGVpZ2h0PSIxIiB4bWxucz0iaHR0cDovL3d3dy53My5vcmcvMjAwMC9zdmciPjwvc3ZnPg==\" style=\"--smush-placeholder-width: 1024px; --smush-placeholder-aspect-ratio: 1024\/683;\" \/><figcaption class=\"wp-element-caption\"><em>Dr. Edward Schiappa (esquerra) en la jornada  de la tarda de<em>\u201cComunicaci\u00f3 \u00e8tica \/ Comunicaci\u00f3 efectiva\u201d<\/em> a l&#8217;aula capella de la Universitat de Barcelona<\/em><\/figcaption><\/figure>\n\n\n\n<p>Amb un estil clar i divulgatiu, Edward Schiappa va subratllar que \u201caprendre a trav\u00e9s dels mitjans \u00e9s inevitable; la q\u00fcesti\u00f3 \u00e9s si aquest aprenentatge promou la comprensi\u00f3 o perpetua els estereotips\u201d. El seu discurs va oferir una perspectiva optimista sobre el potencial dels mitjans per al canvi social, sempre que la representaci\u00f3 sigui complexa i responsable.<\/p>\n\n\n\n<p>La jornada va posar de manifest la necessitat d\u2019una comunicaci\u00f3 que combini \u00e8tica i efic\u00e0cia, on emoci\u00f3 i ra\u00f3 no siguin contraris, sin\u00f3 complementaris. Tant la professora Saloj\u00e4rvi com el professor Schiappa van coincidir a destacar el paper de la universitat i la recerca en la formaci\u00f3 de professionals capa\u00e7os d\u2019afrontar els reptes morals i socials del m\u00f3n medi\u00e0tic actual.<\/p>\n\n\n\n<p>M\u00e9s enll\u00e0 del contingut te\u00f2ric, la trobada va deixar una sensaci\u00f3 compartida: que la comunicaci\u00f3, quan es practica amb consci\u00e8ncia i sensibilitat, pot ser una eina poderosa per construir societats m\u00e9s informades, emp\u00e0tiques i justes.<\/p>\n\n\n\n<figure class=\"wp-block-embed is-type-video is-provider-youtube wp-block-embed-youtube wp-embed-aspect-16-9 wp-has-aspect-ratio\"><div class=\"wp-block-embed__wrapper\">\n<iframe title=\"Entrevista a Edward Schiappa (MIT) - Comunicaci\u00f3 \u00e8tica \/ Comunicaci\u00f3 efectiva\" width=\"800\" height=\"450\" data-src=\"https:\/\/www.youtube.com\/embed\/AN2Y-MmVe9k?feature=oembed\" frameborder=\"0\" allow=\"accelerometer; autoplay; clipboard-write; encrypted-media; gyroscope; picture-in-picture; web-share\" referrerpolicy=\"strict-origin-when-cross-origin\" allowfullscreen src=\"data:image\/svg+xml;base64,PHN2ZyB3aWR0aD0iMSIgaGVpZ2h0PSIxIiB4bWxucz0iaHR0cDovL3d3dy53My5vcmcvMjAwMC9zdmciPjwvc3ZnPg==\" class=\"lazyload\" data-load-mode=\"1\"><\/iframe>\n<\/div><\/figure>\n\n\n\n<figure class=\"wp-block-embed is-type-video is-provider-youtube wp-block-embed-youtube wp-embed-aspect-16-9 wp-has-aspect-ratio\"><div class=\"wp-block-embed__wrapper\">\n<iframe title=\"Entrevista a la Dra. Virpi Saloj\u00e4rvi - Comunicaci\u00f3 \u00e8tica \/ Comunicaci\u00f3 efectiva\" width=\"800\" height=\"450\" data-src=\"https:\/\/www.youtube.com\/embed\/4wQ9UPB7YMI?feature=oembed\" frameborder=\"0\" allow=\"accelerometer; autoplay; clipboard-write; encrypted-media; gyroscope; picture-in-picture; web-share\" referrerpolicy=\"strict-origin-when-cross-origin\" allowfullscreen src=\"data:image\/svg+xml;base64,PHN2ZyB3aWR0aD0iMSIgaGVpZ2h0PSIxIiB4bWxucz0iaHR0cDovL3d3dy53My5vcmcvMjAwMC9zdmciPjwvc3ZnPg==\" class=\"lazyload\" data-load-mode=\"1\"><\/iframe>\n<\/div><\/figure>\n","protected":false},"excerpt":{"rendered":"<p>Universitat de Barcelona, 27 d\u2019octubre de 2025 \u2014 Aula CapellaLa jornada \u201cComunicaci\u00f3 \u00e8tica \/ Comunicaci\u00f3 efectiva\u201d, organitzada per la Secci\u00f3 de Comunicaci\u00f3 del Departament de Filologia Hisp\u00e0nica, Teoria de la Literatura i Comunicaci\u00f3, va reunir dues veus internacionals per reflexionar sobre els reptes actuals de la comunicaci\u00f3: la Dra. Virpi Saloj\u00e4rvi de la University of [&hellip;]<\/p>\n","protected":false},"author":131,"featured_media":6718,"comment_status":"closed","ping_status":"closed","sticky":false,"template":"","format":"standard","meta":{"footnotes":""},"categories":[703,702],"tags":[656,64,660,34,627],"class_list":["post-6715","post","type-post","status-publish","format-standard","has-post-thumbnail","hentry","category-esdeveniments","category-universitat","tag-croniques","tag-educacio","tag-esdeveniments","tag-societat","tag-universitat"],"_links":{"self":[{"href":"https:\/\/www.ub.edu\/revistaangle\/wp-json\/wp\/v2\/posts\/6715","targetHints":{"allow":["GET"]}}],"collection":[{"href":"https:\/\/www.ub.edu\/revistaangle\/wp-json\/wp\/v2\/posts"}],"about":[{"href":"https:\/\/www.ub.edu\/revistaangle\/wp-json\/wp\/v2\/types\/post"}],"author":[{"embeddable":true,"href":"https:\/\/www.ub.edu\/revistaangle\/wp-json\/wp\/v2\/users\/131"}],"replies":[{"embeddable":true,"href":"https:\/\/www.ub.edu\/revistaangle\/wp-json\/wp\/v2\/comments?post=6715"}],"version-history":[{"count":5,"href":"https:\/\/www.ub.edu\/revistaangle\/wp-json\/wp\/v2\/posts\/6715\/revisions"}],"predecessor-version":[{"id":7005,"href":"https:\/\/www.ub.edu\/revistaangle\/wp-json\/wp\/v2\/posts\/6715\/revisions\/7005"}],"wp:featuredmedia":[{"embeddable":true,"href":"https:\/\/www.ub.edu\/revistaangle\/wp-json\/wp\/v2\/media\/6718"}],"wp:attachment":[{"href":"https:\/\/www.ub.edu\/revistaangle\/wp-json\/wp\/v2\/media?parent=6715"}],"wp:term":[{"taxonomy":"category","embeddable":true,"href":"https:\/\/www.ub.edu\/revistaangle\/wp-json\/wp\/v2\/categories?post=6715"},{"taxonomy":"post_tag","embeddable":true,"href":"https:\/\/www.ub.edu\/revistaangle\/wp-json\/wp\/v2\/tags?post=6715"}],"curies":[{"name":"wp","href":"https:\/\/api.w.org\/{rel}","templated":true}]}}