{"id":7007,"date":"2025-12-10T13:35:55","date_gmt":"2025-12-10T12:35:55","guid":{"rendered":"https:\/\/www.ub.edu\/revistaangle\/?p=7007"},"modified":"2026-02-13T15:02:30","modified_gmt":"2026-02-13T14:02:30","slug":"es-tanca-la-porta-del-meravellos-mon-del-magic-doz","status":"publish","type":"post","link":"https:\/\/www.ub.edu\/revistaangle\/2025\/12\/10\/es-tanca-la-porta-del-meravellos-mon-del-magic-doz\/","title":{"rendered":"Es tanca la porta del meravell\u00f3s m\u00f3n del m\u00e0gic d\u2019Oz"},"content":{"rendered":"\n<p>Despr\u00e9s d\u2019un any d\u2019espera, la hist\u00f2ria mai explicada de les bruixes d&#8217;Oz torna als cinemes amb la segona part que posa punt final a l\u2019adaptaci\u00f3 cinematogr\u00e0fica del musical. <em>Wicked: For Good<\/em> arriba just un any despr\u00e9s de l\u2019estrena de la seva primera part.<\/p>\n\n\n\n<p><em>Wicked <\/em>arrenca just on conclou <em>El m\u00e0gic d&#8217;Oz<\/em>, quan Dorothy derrota la Bruixa Malvada mullant-la amb aigua. El primer n\u00famero musical, <em>No One Mourns the Wicked<\/em>, mostra els ciutadans Munchkins celebrant la mort de la bruixa juntament amb Glinda, la Bruixa Bona, que apareix dins la seva bombolla per confirmar la not\u00edcia. En aquesta can\u00e7\u00f3, Glinda explica el passat d\u2019Elphaba, amb qui havia compartit habitaci\u00f3 a la Universitat de Shiz i amb qui havia establert una forta relaci\u00f3. Aquesta primera part ofereix una mirada cap al passat de les dues bruixes protagonistes i mostra el viatge que emprenen fins a la Ciutat Esmaragda per con\u00e8ixer el Mag.&nbsp;<\/p>\n\n\n\n<p>La segona part mostra l\u2019evoluci\u00f3 d\u2019Elphaba, que acaba assumint l\u2019etiqueta de \u201cmalvada\u201d quan aconsegueix llegir el <em>Grimmery<\/em>, el llibre d\u2019encanteris del Mag, i escapa \u201cdesafiant la gravetat\u201d, sobrevolant Oz amb la seva escombra. Aquesta pel\u00b7l\u00edcula narra el cam\u00ed que segueixen els personatges fins a arribar a l\u2019inici de la Part I, i \u00e9s en aquest punt on descobrim com la hist\u00f2ria es connecta directament amb el cl\u00e0ssic de 1939.&nbsp;<\/p>\n\n\n\n<p>Les dues pel\u00b7l\u00edcules es van rodar alhora, i aquesta continu\u00eftat \u00e9s evident en la manera com s\u2019ha traslladat el musical de 2004 a la pantalla gran. Ambdues s\u00f3n plenament coherents entre si i cap no sobresurt per damunt de l\u2019altra. Vistes consecutivament, conformarien un film d\u2019aproximadament cinc hores que mantindria l\u2019espectador immers de principi a fi. Aquesta solidesa narrativa i visual explica per qu\u00e8, un any despr\u00e9s, el fenomen <em>Wicked <\/em>continua estant present i segueix omplint sales de cinema.<\/p>\n\n\n\n<p>L\u2019evoluci\u00f3 dels personatges \u00e9s el cor emocional del film. Elphaba (Cynthia Erivo) accepta el seu dest\u00ed tr\u00e0gic com a Bruixa Malvada de l\u2019Oest amb una maduresa emocional brillant, mentre que Glinda (Ariana Grande) es debat entre la imatge p\u00fablica que ha de projectar i el seu m\u00f3n interior. Aquesta tensi\u00f3 aporta una profunditat inesperada, i la qu\u00edmica entre totes dues culmina en el n\u00famero final, <em>For Good<\/em>, on accepten que els seus camins se separen. La interpretaci\u00f3 de la can\u00e7\u00f3, amb Glinda cedint el seu paper de notes agudes a Elphaba i la frase final que harmonitzen totes dues, \u201cPerqu\u00e8 t\u2019he conegut, he canviat per sempre\u201d, sintetitza la for\u00e7a emocional del musical i la profunditat de la seva narrativa.\u00a0<\/p>\n\n\n\n<p>Visualment, tant <em>Wicked: Part 1<\/em> com <em>Wicked: For Good<\/em> juguen amb la paradoxa pr\u00f2pia del musical cl\u00e0ssic: els escenaris m\u00e9s alegres i acolorits, plens de coreografies tradicionals, narren l\u2019odi, la por i la destrucci\u00f3; mentre que les can\u00e7ons m\u00e9s \u00edntimes i melanc\u00f2liques s&#8217;il\u00b7luminen en espais foscos. Jon M. Chu explora aquesta dualitat amb plans seq\u00fc\u00e8ncia i jocs de miralls en els n\u00fameros on les protagonistes es retroben amb les seves versions infantils. \u00c9s el cas de <em>Defying Gravity<\/em>, on el reflex de l\u2019Elphaba petita la impulsa a&nbsp; emprendre el vol; i, en el cas de Glinda, <em>The Girl in the Bubble<\/em>, una can\u00e7\u00f3 original de la pel\u00b7l\u00edcula, mostra la bruixa bona m\u00e9s vulnerable mentre canta a la seva nena interior abans d&#8217;atrevir-se a entrar a la bombolla flotant.&nbsp;<\/p>\n\n\n\n<figure class=\"wp-block-image size-large\"><img fetchpriority=\"high\" decoding=\"async\" width=\"1024\" height=\"683\" src=\"https:\/\/www.ub.edu\/revistaangle\/wp-content\/uploads\/2025\/12\/Projecte-nou-1-1024x683.jpg\" alt=\"\" class=\"wp-image-7010\" srcset=\"https:\/\/www.ub.edu\/revistaangle\/wp-content\/uploads\/2025\/12\/Projecte-nou-1-1024x683.jpg 1024w, https:\/\/www.ub.edu\/revistaangle\/wp-content\/uploads\/2025\/12\/Projecte-nou-1-300x200.jpg 300w, https:\/\/www.ub.edu\/revistaangle\/wp-content\/uploads\/2025\/12\/Projecte-nou-1-768x512.jpg 768w, https:\/\/www.ub.edu\/revistaangle\/wp-content\/uploads\/2025\/12\/Projecte-nou-1.jpg 1440w\" sizes=\"(max-width: 1024px) 100vw, 1024px\" \/><figcaption class=\"wp-element-caption\">L&#8217;Home de Llauna, Dorothy, el Lle\u00f3 i l&#8217;Espantaocells a <em>Wicked: For Good<\/em> (2025) \/ Font: NBC<\/figcaption><\/figure>\n\n\n\n<p>All\u00f2 que m\u00e9s destaca en aquesta segona part \u00e9s la manera com la hist\u00f2ria incorpora de forma org\u00e0nica els elements d\u2019El m\u00e0gic d\u2019Oz. Si a la primera pel\u00b7l\u00edcula se&#8217;ns presentaven les bruixes i el Mag, \u00e9s aqu\u00ed on entren en escena els protagonistes del relat cl\u00e0ssic: l\u2019Espantaocells, l\u2019Home de Llauna, el Lle\u00f3 i fins i tot la innocent Dorothy acompanyada del seu gos Toto. Chu revisita de manera subtil aquests s\u00edmbols de la pel\u00b7l\u00edcula de Victor Fleming, jugant amb la nost\u00e0lgia que desperten per\u00f2, alhora, q\u00fcestionant la visi\u00f3 idealitzada del m\u00f3n de Dorothy. Aquesta equilibri entre respecte pel cl\u00e0ssic i mirada contempor\u00e0nia converteix el film en un homenatge i, al mateix temps, en una lectura cr\u00edtica.<\/p>\n\n\n\n<p>Aquesta nova perspectiva afegeix un to tr\u00e0gic al dest\u00ed d\u2019Elphaba i Glinda. L\u2019espectador sap all\u00f2 que els habitants d\u2019Oz ignoren i esdev\u00e9 testimoni impotent d\u2019un dest\u00ed inevitable, un sentiment que perdura m\u00e9s enll\u00e0 de la projecci\u00f3. A m\u00e9s del film de Judy Garland, Chu aprofita per retre homenatge al musical de Broadway: a <em>One Short Day<\/em>, quan arriben a la Ciutat Esmaragda, la can\u00e7\u00f3 incorpora una estrofa addicional interpretada per Idina Menzel i Kristin Chenoweth, les actrius originals, i la segona pel\u00b7l\u00edcula es tanca amb Erivo i Grande recreant la imatge ic\u00f2nica del p\u00f2ster de 2004.&nbsp;<\/p>\n\n\n\n<p><em>Wicked: For Good<\/em> tanca el cercle iniciat amb la primera part i eleva la hist\u00f2ria a una dimensi\u00f3 cinematogr\u00e0fica m\u00e9s ambiciosa, deixant una empremta emocional que perdura molt despr\u00e9s de sortir de la sala.<\/p>\n\n\n\n<figure class=\"wp-block-image size-large\"><img decoding=\"async\" width=\"1024\" height=\"683\" data-src=\"https:\/\/www.ub.edu\/revistaangle\/wp-content\/uploads\/2025\/12\/Projecte-nou-7-1024x683.jpg\" alt=\"\" class=\"wp-image-7009 lazyload\" data-srcset=\"https:\/\/www.ub.edu\/revistaangle\/wp-content\/uploads\/2025\/12\/Projecte-nou-7-1024x683.jpg 1024w, https:\/\/www.ub.edu\/revistaangle\/wp-content\/uploads\/2025\/12\/Projecte-nou-7-300x200.jpg 300w, https:\/\/www.ub.edu\/revistaangle\/wp-content\/uploads\/2025\/12\/Projecte-nou-7-768x512.jpg 768w, https:\/\/www.ub.edu\/revistaangle\/wp-content\/uploads\/2025\/12\/Projecte-nou-7.jpg 1440w\" data-sizes=\"(max-width: 1024px) 100vw, 1024px\" src=\"data:image\/svg+xml;base64,PHN2ZyB3aWR0aD0iMSIgaGVpZ2h0PSIxIiB4bWxucz0iaHR0cDovL3d3dy53My5vcmcvMjAwMC9zdmciPjwvc3ZnPg==\" style=\"--smush-placeholder-width: 1024px; --smush-placeholder-aspect-ratio: 1024\/683;\" \/><figcaption class=\"wp-element-caption\">Recreaci\u00f3 del cartell original de Broadway (2024) \/ Font: ABC News<\/figcaption><\/figure>\n\n\n\n\n\n<p><\/p>\n","protected":false},"excerpt":{"rendered":"<p>Despr\u00e9s d\u2019un any d\u2019espera, la hist\u00f2ria mai explicada de les bruixes d&#8217;Oz torna als cinemes amb la segona part que posa punt final a l\u2019adaptaci\u00f3 cinematogr\u00e0fica del musical. Wicked: For Good arriba just un any despr\u00e9s de l\u2019estrena de la seva primera part. Wicked arrenca just on conclou El m\u00e0gic d&#8217;Oz, quan Dorothy derrota la [&hellip;]<\/p>\n","protected":false},"author":171,"featured_media":7011,"comment_status":"closed","ping_status":"closed","sticky":false,"template":"","format":"standard","meta":{"footnotes":""},"categories":[643,1,642],"tags":[653,93,198,77,34],"class_list":["post-7007","post","type-post","status-publish","format-standard","has-post-thumbnail","hentry","category-cinema","category-general","category-sectoraudiovisual","tag-critiques","tag-feminisme","tag-igualtat","tag-joves","tag-societat"],"_links":{"self":[{"href":"https:\/\/www.ub.edu\/revistaangle\/wp-json\/wp\/v2\/posts\/7007","targetHints":{"allow":["GET"]}}],"collection":[{"href":"https:\/\/www.ub.edu\/revistaangle\/wp-json\/wp\/v2\/posts"}],"about":[{"href":"https:\/\/www.ub.edu\/revistaangle\/wp-json\/wp\/v2\/types\/post"}],"author":[{"embeddable":true,"href":"https:\/\/www.ub.edu\/revistaangle\/wp-json\/wp\/v2\/users\/171"}],"replies":[{"embeddable":true,"href":"https:\/\/www.ub.edu\/revistaangle\/wp-json\/wp\/v2\/comments?post=7007"}],"version-history":[{"count":4,"href":"https:\/\/www.ub.edu\/revistaangle\/wp-json\/wp\/v2\/posts\/7007\/revisions"}],"predecessor-version":[{"id":7015,"href":"https:\/\/www.ub.edu\/revistaangle\/wp-json\/wp\/v2\/posts\/7007\/revisions\/7015"}],"wp:featuredmedia":[{"embeddable":true,"href":"https:\/\/www.ub.edu\/revistaangle\/wp-json\/wp\/v2\/media\/7011"}],"wp:attachment":[{"href":"https:\/\/www.ub.edu\/revistaangle\/wp-json\/wp\/v2\/media?parent=7007"}],"wp:term":[{"taxonomy":"category","embeddable":true,"href":"https:\/\/www.ub.edu\/revistaangle\/wp-json\/wp\/v2\/categories?post=7007"},{"taxonomy":"post_tag","embeddable":true,"href":"https:\/\/www.ub.edu\/revistaangle\/wp-json\/wp\/v2\/tags?post=7007"}],"curies":[{"name":"wp","href":"https:\/\/api.w.org\/{rel}","templated":true}]}}