{"id":6926,"date":"2026-02-18T00:00:00","date_gmt":"2026-02-18T00:00:00","guid":{"rendered":"https:\/\/www.ub.edu\/rodamundet\/?p=6926"},"modified":"2026-02-25T07:42:13","modified_gmt":"2026-02-25T07:42:13","slug":"primera-pregunta-del-rodallengua-2","status":"publish","type":"post","link":"https:\/\/www.ub.edu\/rodamundet\/primera-pregunta-del-rodallengua-2.html","title":{"rendered":"Primera pregunta del RodaLlengua 2026"},"content":{"rendered":"\n<p>Ten\u00edeu ganes que torn\u00e9s el RodaLlengua, oi? Per\u00f2, com podem expressar aquesta emoci\u00f3?<\/p>\n\n\n\n<ol style=\"list-style-type:lower-alpha\" class=\"wp-block-list\">\n<li>Estic tant feli\u00e7 que torni el RodaLlengua; l\u2019havia esperat tant!<\/li>\n\n\n\n<li>Estic tan feli\u00e7 que torni el RodaLlengua; l\u2019havia esperat tant!<\/li>\n\n\n\n<li>Estic tant feli\u00e7 que torni el RodaLlengua; l\u2019havia esperat tan!<\/li>\n<\/ol>\n\n\n\n<p>La resposta adequada \u00e9s la <em>b<\/em>. En termes generals, <em>tan<\/em> es fa servir immediatament abans d\u2019un adjectiu (o d\u2019un adverbi o sintagma preposicional), mentre que <em>tant<\/em> s\u2019utilitza davant de noms o, com en aquest cas, en forma d\u2019adverbi. <a href=\"https:\/\/www.ub.edu\/llibre-estil\/criteri.php?id=954\">M\u00e9s informaci\u00f3<\/a>.<\/p>\n\n\n\n<p><\/p>\n","protected":false},"excerpt":{"rendered":"<p>Ten\u00edeu ganes que torn\u00e9s el RodaLlengua, oi? Per\u00f2, com podem expressar aquesta emoci\u00f3? La resposta adequada \u00e9s la b. En termes generals, tan es fa servir immediatament abans d\u2019un adjectiu <a class=\"more-link\" href=\"https:\/\/www.ub.edu\/rodamundet\/primera-pregunta-del-rodallengua-2.html\">Continua llegint &rarr;<\/a><\/p>\n","protected":false},"author":1,"featured_media":6941,"comment_status":"closed","ping_status":"open","sticky":false,"template":"","format":"standard","meta":{"footnotes":""},"categories":[1,147,148],"tags":[],"class_list":["post-6926","post","type-post","status-publish","format-standard","has-post-thumbnail","hentry","category-dinamitzacio","category-preguntes-rodallengua-2026","category-preguntes-rodallengua-2026-2"],"_links":{"self":[{"href":"https:\/\/www.ub.edu\/rodamundet\/wp-json\/wp\/v2\/posts\/6926","targetHints":{"allow":["GET"]}}],"collection":[{"href":"https:\/\/www.ub.edu\/rodamundet\/wp-json\/wp\/v2\/posts"}],"about":[{"href":"https:\/\/www.ub.edu\/rodamundet\/wp-json\/wp\/v2\/types\/post"}],"author":[{"embeddable":true,"href":"https:\/\/www.ub.edu\/rodamundet\/wp-json\/wp\/v2\/users\/1"}],"replies":[{"embeddable":true,"href":"https:\/\/www.ub.edu\/rodamundet\/wp-json\/wp\/v2\/comments?post=6926"}],"version-history":[{"count":3,"href":"https:\/\/www.ub.edu\/rodamundet\/wp-json\/wp\/v2\/posts\/6926\/revisions"}],"predecessor-version":[{"id":6952,"href":"https:\/\/www.ub.edu\/rodamundet\/wp-json\/wp\/v2\/posts\/6926\/revisions\/6952"}],"wp:featuredmedia":[{"embeddable":true,"href":"https:\/\/www.ub.edu\/rodamundet\/wp-json\/wp\/v2\/media\/6941"}],"wp:attachment":[{"href":"https:\/\/www.ub.edu\/rodamundet\/wp-json\/wp\/v2\/media?parent=6926"}],"wp:term":[{"taxonomy":"category","embeddable":true,"href":"https:\/\/www.ub.edu\/rodamundet\/wp-json\/wp\/v2\/categories?post=6926"},{"taxonomy":"post_tag","embeddable":true,"href":"https:\/\/www.ub.edu\/rodamundet\/wp-json\/wp\/v2\/tags?post=6926"}],"curies":[{"name":"wp","href":"https:\/\/api.w.org\/{rel}","templated":true}]}}