{"id":1328,"date":"2015-11-20T11:45:05","date_gmt":"2015-11-20T11:45:05","guid":{"rendered":"http:\/\/www.ub.edu\/xdl\/filosofia\/?p=1328"},"modified":"2017-04-03T11:20:32","modified_gmt":"2017-04-03T11:20:32","slug":"lliurament-del-premi-pensa-dassaig-filosofic-durant-lacte-dinauguracio-del-curs-2015-2016-de-la-facultat","status":"publish","type":"post","link":"https:\/\/www.ub.edu\/scriptorium\/lliurament-del-premi-pensa-dassaig-filosofic-durant-lacte-dinauguracio-del-curs-2015-2016-de-la-facultat\/","title":{"rendered":"Lliurament del Premi Pensa d\u2019assaig filos\u00f2fic durant l\u2019acte d\u2019inauguraci\u00f3 del curs 2015-2016 de la Facultat"},"content":{"rendered":"<p><a href=\"https:\/\/www.ub.edu\/scriptorium\/lliurament-del-premi-pensa-dassaig-filosofic-durant-lacte-dinauguracio-del-curs-2015-2016-de-la-facultat\/img_20151021_141nyu544\/\" rel=\"attachment wp-att-1333\"><img loading=\"lazy\" decoding=\"async\" class=\"alignleft size-thumbnail wp-image-1333\" src=\"https:\/\/www.ub.edu\/scriptorium\/wp-content\/uploads\/2015\/11\/IMG_20151021_141NYU544-150x150.jpg\" alt=\"\" width=\"150\" height=\"150\" \/><\/a>El dia 21 d\u2019octubre va tenir lloc l\u2019acte d\u2019inauguraci\u00f3 del curs acad\u00e8mic 2015-2016 de la Facultat de Filosofia.<\/p>\n<p>El deg\u00e0 de la Facultat de Filosofia va convidar tots els alumnes a participar-hi i va obrir l\u2019acte. La Dra. Margarita Boladeras, el Dr. Eduardo Butrague\u00f1o i el Dr. Miguel Candel van fer intervencions sobre l\u2019ensenyament de la filosofia en el context de canvi actual de les universitats catalanes, i de la UB en particular. El deg\u00e0, Dr. Josep Monserrat, i la secret\u00e0ria de la Facultat, N\u00faria Miras, els van lliurar els obsequis que la Facultat d\u00f3na al professorat jubilat el curs passat, en mostra d\u2019agra\u00efment.<\/p>\n<p>En acabat, Rosa Gual, representant dels Serveis Ling\u00fc\u00edstics a la Comissi\u00f3 de Dinamitzaci\u00f3 Ling\u00fc\u00edstica i Cultural de la Facultat de Filosofia, i Irene Iglesias, bec\u00e0ria d\u2019aquesta mateixa comissi\u00f3, van lliurar els guardons del XVII Premi d\u2019assaig filos\u00f2fic Pensa, en les dues categories: M\u00e0ster i doctorat, i Grau i llicenciatura.<\/p>\n<p><a href=\"https:\/\/www.ub.edu\/scriptorium\/lliurament-del-premi-pensa-dassaig-filosofic-durant-lacte-dinauguracio-del-curs-2015-2016-de-la-facultat\/img_20151021_141416\/\" rel=\"attachment wp-att-1330\"><img loading=\"lazy\" decoding=\"async\" class=\"alignleft size-thumbnail wp-image-1330\" src=\"https:\/\/www.ub.edu\/scriptorium\/wp-content\/uploads\/2015\/11\/IMG_20151021_141416-150x150.jpg\" alt=\"\" width=\"150\" height=\"150\" \/><\/a>El jurat del XVII Premi d\u2019assaig filos\u00f2fic Pensa, reunit el dia 28 de setembre de 2015, despr\u00e9s de valorar l\u2019inter\u00e8s filos\u00f2fic, el rigor, la claredat expositiva i la qualitat ling\u00fc\u00edstica, aix\u00ed com l\u2019originalitat i la creativitat dels treballs, va resoldre declarar desert el premi en la categoria de M\u00e0ster i doctorat i atorgar un acc\u00e8ssit a Pilar Terr\u00e9s Villalonga pel treball \u00abL\u00f2giques subestructurals i implicatures conversacionals\u00bb. En la categoria de Grau i llicenciatura, el jurat va atorgar el premi a Guillem Sales Vilalta per \u00abEl concepte de veritat en la Gr\u00e8cia arcaica\u00bb, i dos acc\u00e8ssits ex aequo a Gemma Mart\u00ednez Bravo per \u00abEl paper de les intu\u00efcions en la identitat personal: defensa d&#8217;una tesi h\u00edbrida\u00bb i a Laura Reig Pedr\u00f3s per \u00abL&#8217;\u00e0gora de Plat\u00f3. Una cr\u00edtica a la lectura arendtiana de Plat\u00f3\u00bb.<\/p>\n<p>El premi est\u00e0 dotat amb 300 euros. Els acc\u00e8ssits d&#8217;ambdues categories estan dotats amb 150 euros.<\/p>\n<p>La veritat \u00e9s que la deliberaci\u00f3 d\u2019aquesta edici\u00f3 del Premi Pensa va ser molt complicada ja que el nivell dels assajos presentats ha sigut molt elevat. Moltes felicitats a tots els estudiants participants i sobretot als guardonats en aquesta edici\u00f3!<\/p>\n<p>Us animem a participar a les seg\u00fcents edicions del Premi Pensa. I recordeu que aviat podreu trobar els treballs premiats en aquest mateix blog.<\/p>\n<p style=\"text-align: right;\">Comissi\u00f3 de Dinamitzaci\u00f3 Ling\u00fc\u00edstica i Cultural de la Facultat de Filosofia<\/p>\n","protected":false},"excerpt":{"rendered":"<p>El dia 21 d\u2019octubre va tenir lloc l\u2019acte d\u2019inauguraci\u00f3 del curs acad\u00e8mic 2015-2016 de la Facultat de Filosofia. El deg\u00e0 de la Facultat de Filosofia va convidar tots els alumnes <a class=\"more-link\" href=\"https:\/\/www.ub.edu\/scriptorium\/lliurament-del-premi-pensa-dassaig-filosofic-durant-lacte-dinauguracio-del-curs-2015-2016-de-la-facultat\/\">Continua llegint &rarr;<\/a><\/p>\n","protected":false},"author":1,"featured_media":1333,"comment_status":"closed","ping_status":"closed","sticky":false,"template":"","format":"standard","meta":{"_exactmetrics_skip_tracking":false,"_exactmetrics_sitenote_active":false,"_exactmetrics_sitenote_note":"","_exactmetrics_sitenote_category":0,"footnotes":""},"categories":[1],"tags":[],"class_list":["post-1328","post","type-post","status-publish","format-standard","has-post-thumbnail","hentry","category-general"],"_links":{"self":[{"href":"https:\/\/www.ub.edu\/scriptorium\/wp-json\/wp\/v2\/posts\/1328","targetHints":{"allow":["GET"]}}],"collection":[{"href":"https:\/\/www.ub.edu\/scriptorium\/wp-json\/wp\/v2\/posts"}],"about":[{"href":"https:\/\/www.ub.edu\/scriptorium\/wp-json\/wp\/v2\/types\/post"}],"author":[{"embeddable":true,"href":"https:\/\/www.ub.edu\/scriptorium\/wp-json\/wp\/v2\/users\/1"}],"replies":[{"embeddable":true,"href":"https:\/\/www.ub.edu\/scriptorium\/wp-json\/wp\/v2\/comments?post=1328"}],"version-history":[{"count":4,"href":"https:\/\/www.ub.edu\/scriptorium\/wp-json\/wp\/v2\/posts\/1328\/revisions"}],"predecessor-version":[{"id":1558,"href":"https:\/\/www.ub.edu\/scriptorium\/wp-json\/wp\/v2\/posts\/1328\/revisions\/1558"}],"wp:featuredmedia":[{"embeddable":true,"href":"https:\/\/www.ub.edu\/scriptorium\/wp-json\/wp\/v2\/media\/1333"}],"wp:attachment":[{"href":"https:\/\/www.ub.edu\/scriptorium\/wp-json\/wp\/v2\/media?parent=1328"}],"wp:term":[{"taxonomy":"category","embeddable":true,"href":"https:\/\/www.ub.edu\/scriptorium\/wp-json\/wp\/v2\/categories?post=1328"},{"taxonomy":"post_tag","embeddable":true,"href":"https:\/\/www.ub.edu\/scriptorium\/wp-json\/wp\/v2\/tags?post=1328"}],"curies":[{"name":"wp","href":"https:\/\/api.w.org\/{rel}","templated":true}]}}