{"id":1811,"date":"2017-05-24T11:46:58","date_gmt":"2017-05-24T11:46:58","guid":{"rendered":"http:\/\/www.ub.edu\/scriptorium\/?p=1811"},"modified":"2017-05-24T12:13:52","modified_gmt":"2017-05-24T12:13:52","slug":"per-pensar-i-per-riure-cicle-de-conferencies-sobre-filosofia-antiga","status":"publish","type":"post","link":"https:\/\/www.ub.edu\/scriptorium\/per-pensar-i-per-riure-cicle-de-conferencies-sobre-filosofia-antiga\/","title":{"rendered":"\u00abPer pensar i per riure\u00bb, cicle de confer\u00e8ncies sobre filosofia antiga"},"content":{"rendered":"<table border=\"0\" summary=\"continguts\" width=\"100%\" cellspacing=\"0\" cellpadding=\"0\" align=\"center\">\n<tbody>\n<tr bgcolor=\"#FFFFFF\">\n<td class=\"text_base\"><\/td>\n<td class=\"text_base\" colspan=\"2\" width=\"98%\" height=\"1%\">\n<p class=\"text_base\">Organitza: <a href=\"https:\/\/elstarongersaec.wordpress.com\/a-propos\/novetats\/\" target=\"_blank\" rel=\"noopener noreferrer\">Els Tarongers-Associaci\u00f3 d&#8217;Estudiants de Cl\u00e0ssiques<\/a><\/p>\n<p class=\"text_base\">\u00abDe la <i>\u03a3\u03c4\u03bf\u1f71<\/i> a Marc Aureli\u00bb, a c\u00e0rrec de Joan-Josep Mussarra Roca<\/p>\n<p>Data: 5 de maig de 2017<br \/>\nHorari: 18 h<br \/>\nLloc: aula 102a<\/p>\n<p>\u00abLa figura esmunyedissa de S\u00f2crates i el g\u00e8nere dels <i>\u03a3\u03c9\u03ba\u03c1\u03b1\u03c4\u03b9\u03ba\u03bf\u1f76 \u03bb\u1f79\u03b3\u03bf\u03b9<\/i>\u00bb, a c\u00e0rrec de Sergi Grau Guijarro<\/p>\n<p>Data: 12 de maig de 2017<br \/>\nHorari: 18 h<br \/>\nLloc: aula 102a<\/p>\n<p>\u00abLa tradici\u00f3 dels exercicis espirituals dins l&#8217;escola esc\u00e8ptica\u00bb, a c\u00e0rrec de Bernat Castany Prado<\/p>\n<p>Data: 19 de maig de 2017<br \/>\nHorari: 18 h<br \/>\nLloc: aula 102a<\/p>\n<p>\u00abLa cultura filos\u00f2fica a Roma a trav\u00e9s de les <i>S\u00e0tires<\/i> d&#8217;Horaci\u00bb, a c\u00e0rrec d&#8217;Adolfo Egea Carrasco<\/p>\n<p>Data: 25 de maig de 2017<br \/>\nHorari: 18.30 h<br \/>\nLloc: aula 102a<\/p>\n<p>&nbsp;<\/td>\n<\/tr>\n<\/tbody>\n<\/table>\n","protected":false},"excerpt":{"rendered":"<p>Organitza: Els Tarongers-Associaci\u00f3 d&#8217;Estudiants de Cl\u00e0ssiques \u00abDe la \u03a3\u03c4\u03bf\u1f71 a Marc Aureli\u00bb, a c\u00e0rrec de Joan-Josep Mussarra Roca Data: 5 de maig de 2017 Horari: 18 h Lloc: aula 102a <a class=\"more-link\" href=\"https:\/\/www.ub.edu\/scriptorium\/per-pensar-i-per-riure-cicle-de-conferencies-sobre-filosofia-antiga\/\">Continua llegint &rarr;<\/a><\/p>\n","protected":false},"author":1,"featured_media":1814,"comment_status":"closed","ping_status":"closed","sticky":false,"template":"","format":"standard","meta":{"_exactmetrics_skip_tracking":false,"_exactmetrics_sitenote_active":false,"_exactmetrics_sitenote_note":"","_exactmetrics_sitenote_category":0,"footnotes":""},"categories":[1],"tags":[],"class_list":["post-1811","post","type-post","status-publish","format-standard","has-post-thumbnail","hentry","category-general"],"_links":{"self":[{"href":"https:\/\/www.ub.edu\/scriptorium\/wp-json\/wp\/v2\/posts\/1811","targetHints":{"allow":["GET"]}}],"collection":[{"href":"https:\/\/www.ub.edu\/scriptorium\/wp-json\/wp\/v2\/posts"}],"about":[{"href":"https:\/\/www.ub.edu\/scriptorium\/wp-json\/wp\/v2\/types\/post"}],"author":[{"embeddable":true,"href":"https:\/\/www.ub.edu\/scriptorium\/wp-json\/wp\/v2\/users\/1"}],"replies":[{"embeddable":true,"href":"https:\/\/www.ub.edu\/scriptorium\/wp-json\/wp\/v2\/comments?post=1811"}],"version-history":[{"count":6,"href":"https:\/\/www.ub.edu\/scriptorium\/wp-json\/wp\/v2\/posts\/1811\/revisions"}],"predecessor-version":[{"id":1819,"href":"https:\/\/www.ub.edu\/scriptorium\/wp-json\/wp\/v2\/posts\/1811\/revisions\/1819"}],"wp:featuredmedia":[{"embeddable":true,"href":"https:\/\/www.ub.edu\/scriptorium\/wp-json\/wp\/v2\/media\/1814"}],"wp:attachment":[{"href":"https:\/\/www.ub.edu\/scriptorium\/wp-json\/wp\/v2\/media?parent=1811"}],"wp:term":[{"taxonomy":"category","embeddable":true,"href":"https:\/\/www.ub.edu\/scriptorium\/wp-json\/wp\/v2\/categories?post=1811"},{"taxonomy":"post_tag","embeddable":true,"href":"https:\/\/www.ub.edu\/scriptorium\/wp-json\/wp\/v2\/tags?post=1811"}],"curies":[{"name":"wp","href":"https:\/\/api.w.org\/{rel}","templated":true}]}}