{"id":2119,"date":"2018-04-04T09:04:47","date_gmt":"2018-04-04T09:04:47","guid":{"rendered":"http:\/\/www.ub.edu\/scriptorium\/?p=2119"},"modified":"2020-01-19T23:51:01","modified_gmt":"2020-01-19T23:51:01","slug":"avui-comenca-lenfabrats","status":"publish","type":"post","link":"https:\/\/www.ub.edu\/scriptorium\/avui-comenca-lenfabrats\/","title":{"rendered":"Torna l&#8217;enFABRAts! primera pregunta, el 7N"},"content":{"rendered":"<p><a href=\"https:\/\/www.ub.edu\/scriptorium\/avui-comenca-lenfabrats\/scriptorium-baner-3\/\" rel=\"attachment wp-att-2265\"><img loading=\"lazy\" decoding=\"async\" class=\"size-full wp-image-2265 aligncenter\" src=\"https:\/\/www.ub.edu\/scriptorium\/wp-content\/uploads\/2018\/04\/scriptorium-baner-1-e1541409252276.png\" alt=\"\" width=\"354\" height=\"154\" srcset=\"https:\/\/www.ub.edu\/scriptorium\/wp-content\/uploads\/2018\/04\/scriptorium-baner-1-e1541409252276.png 354w, https:\/\/www.ub.edu\/scriptorium\/wp-content\/uploads\/2018\/04\/scriptorium-baner-1-e1541409252276-300x131.png 300w\" sizes=\"auto, (max-width: 354px) 100vw, 354px\" \/><\/a>L\u2019<strong>enFABRAts<\/strong> \u00e9s un concurs dels Serveis Ling\u00fc\u00edstics de la Universitat de Barcelona adre\u00e7at a tota la comunitat UB: alumnat, professorat, personal d\u2019administraci\u00f3 i serveis i Grup UB. El patrocina el Vicerectorat d\u2019Estudiants i Pol\u00edtica Ling\u00fc\u00edstica i hi col\u00b7labora la Xarxa de Dinamitzaci\u00f3 Ling\u00fc\u00edstica.<\/p>\n<p>L\u2019objectiu del concurs \u00e9s donar a con\u00e8ixer, mitjan\u00e7ant el joc i l\u2019humor, detalls i curiositats de la vida i l\u2019obra de Pompeu Fabra.<\/p>\n<p>L\u2019<strong>enFABRAts<\/strong> t\u00e9 dues edicions independents, una a l\u2019abril, que ja es va celebrar, i l\u2019altra al novembre. En la primera edici\u00f3 els guanyadors han estat Joan Pons, del PDI i PAS, i Bernat Corred\u00f3, alumne de la UB, que han estat premiats amb un Paquet Fabra.<\/p>\n<p><a href=\"https:\/\/www.ub.edu\/enxarxats\/enfabrats-de-nou.html\" target=\"_blank\" rel=\"noopener\">La segona edici\u00f3 del concurs<\/a> consta de vuit preguntes tancades que es van publicant de manera successiva durant el mes de novembre i que podeu respondre a trav\u00e9s d\u2019un formulari en l\u00ednia. Al final del concurs se sortejaran dos premis entre tots els participants. Com m\u00e9s preguntes respongueu m\u00e9s opcions teniu de guanyar. A les bases podeu consultar aspectes m\u00e9s concrets sobre el funcionament i els premis.<\/p>\n<p>D\u2019aquesta manera, la UB se suma als actes i activitats de l\u2019Any Fabra 2018, en qu\u00e8 es commemoren dos fets: els 150 anys del naixement de Pompeu Fabra i els 100 anys de la publicaci\u00f3 de la <em>Gram\u00e0tica catalana<\/em>, que va suposar la fixaci\u00f3 de les bases ortogr\u00e0fiques i gramaticals de la llengua catalana actual.<\/p>\n<p>Us animem a participar-hi i a seguir el concurs a les xarxes socials amb l\u2019etiqueta #enFABRAts.<\/p>\n","protected":false},"excerpt":{"rendered":"<p>L\u2019enFABRAts \u00e9s un concurs dels Serveis Ling\u00fc\u00edstics de la Universitat de Barcelona adre\u00e7at a tota la comunitat UB: alumnat, professorat, personal d\u2019administraci\u00f3 i serveis i Grup UB. El patrocina el <a class=\"more-link\" href=\"https:\/\/www.ub.edu\/scriptorium\/avui-comenca-lenfabrats\/\">Continua llegint &rarr;<\/a><\/p>\n","protected":false},"author":1,"featured_media":2266,"comment_status":"closed","ping_status":"closed","sticky":false,"template":"","format":"standard","meta":{"_exactmetrics_skip_tracking":false,"_exactmetrics_sitenote_active":false,"_exactmetrics_sitenote_note":"","_exactmetrics_sitenote_category":0,"footnotes":""},"categories":[1],"tags":[139,140],"class_list":["post-2119","post","type-post","status-publish","format-standard","has-post-thumbnail","hentry","category-general","tag-concurs","tag-fabra"],"_links":{"self":[{"href":"https:\/\/www.ub.edu\/scriptorium\/wp-json\/wp\/v2\/posts\/2119","targetHints":{"allow":["GET"]}}],"collection":[{"href":"https:\/\/www.ub.edu\/scriptorium\/wp-json\/wp\/v2\/posts"}],"about":[{"href":"https:\/\/www.ub.edu\/scriptorium\/wp-json\/wp\/v2\/types\/post"}],"author":[{"embeddable":true,"href":"https:\/\/www.ub.edu\/scriptorium\/wp-json\/wp\/v2\/users\/1"}],"replies":[{"embeddable":true,"href":"https:\/\/www.ub.edu\/scriptorium\/wp-json\/wp\/v2\/comments?post=2119"}],"version-history":[{"count":9,"href":"https:\/\/www.ub.edu\/scriptorium\/wp-json\/wp\/v2\/posts\/2119\/revisions"}],"predecessor-version":[{"id":2538,"href":"https:\/\/www.ub.edu\/scriptorium\/wp-json\/wp\/v2\/posts\/2119\/revisions\/2538"}],"wp:featuredmedia":[{"embeddable":true,"href":"https:\/\/www.ub.edu\/scriptorium\/wp-json\/wp\/v2\/media\/2266"}],"wp:attachment":[{"href":"https:\/\/www.ub.edu\/scriptorium\/wp-json\/wp\/v2\/media?parent=2119"}],"wp:term":[{"taxonomy":"category","embeddable":true,"href":"https:\/\/www.ub.edu\/scriptorium\/wp-json\/wp\/v2\/categories?post=2119"},{"taxonomy":"post_tag","embeddable":true,"href":"https:\/\/www.ub.edu\/scriptorium\/wp-json\/wp\/v2\/tags?post=2119"}],"curies":[{"name":"wp","href":"https:\/\/api.w.org\/{rel}","templated":true}]}}