{"id":2125,"date":"2018-04-12T15:17:53","date_gmt":"2018-04-12T15:17:53","guid":{"rendered":"http:\/\/www.ub.edu\/scriptorium\/?p=2125"},"modified":"2018-05-15T10:50:11","modified_gmt":"2018-05-15T10:50:11","slug":"la-primavera-de-la-llengua-2018-a-la-facultat-de-filosofia","status":"publish","type":"post","link":"https:\/\/www.ub.edu\/scriptorium\/la-primavera-de-la-llengua-2018-a-la-facultat-de-filosofia\/","title":{"rendered":"La Primavera de la Llengua 2018 a la Facultat de Filosofia"},"content":{"rendered":"<p style=\"text-align: justify;\">Us presentem els actes que la Facultat de Filosofia i la Facultat de Geografia i Hist\u00f2ria preparen amb motiu de Sant Jordi, en el marc de la Primavera de la Llengua, i que tindran lloc al campus.<\/p>\n<p style=\"text-align: justify;\">En primer lloc, hi haur\u00e0 tres <strong>tardes liter\u00e0ries<\/strong> que tindran lloc els dies 17, 18 i 19 d&#8217;abril, en qu\u00e8 el professorat de les dues facultats presentar\u00e0 algunes de les seves publicacions m\u00e9s recents.<\/p>\n<p style=\"text-align: justify;\"><strong>Dimarts 17 d&#8217;abril de 2018, de 18 a 20 h al Seminari de Filosofia<\/strong>. Sessi\u00f3 presentada per Josep Monserrat, deg\u00e0 de la Facultat.<\/p>\n<ul style=\"text-align: justify;\">\n<li style=\"text-align: justify;\">Presentaci\u00f3 del blog <a href=\"https:\/\/www.ub.edu\/scriptorium\/\">Scriptorium<\/a> a c\u00e0rrec de Rosa Gual, t\u00e8cnica dels Serveis Ling\u00fc\u00edstics de la Universitat de Barcelona.<\/li>\n<li style=\"text-align: justify;\">Presentaci\u00f3 del llibre <a href=\"http:\/\/www.publicacions.ub.edu\/ficha.aspx?cod=08421\" target=\"_blank\" rel=\"noopener\"><em>Filosofia i Modernitat: la reconstrucci\u00f3 de l&#8217;ordre del m\u00f3n<\/em> de Salvi Turr\u00f3<\/a>, professor de la Facultat.<\/li>\n<\/ul>\n<p style=\"text-align: justify;\"><strong>Dimecres 18 d&#8217;abril de 2018, de 18 a 20 h a la Sala de Juntes de Geografia i Hist\u00f2ria.<\/strong> Sessi\u00f3 coordinada per Maria Soler Sala.<\/p>\n<p style=\"text-align: justify;\">Presentacions de publicacions d&#8217;Andreu Mayayo, Jos\u00e9 Manuel R\u00faa, Mag\u00ed Crusells, Ramon Sicart, Agust\u00ed Alcoberro, Joan Cusc\u00f3, Antoni Conejo, Elena Fierli i Rafael Jornet.<\/p>\n<p style=\"text-align: justify;\"><strong>Dijous 19 d&#8217;abril de 2018, de 18 a 20 h a la Sala de Juntes de Geografia i Hist\u00f2ria.<\/strong> Sessi\u00f3 coordinada per Magda Polo Pujadas.<\/p>\n<p style=\"text-align: justify;\">Presentacions de publicacions de N\u00faria Benach, Olga Jubany, Malin Roiha, Anna Maria Guash, Rosa Alcoy, Laia Manonelles, Daniel L\u00f3pez del Rinc\u00f3n i Fabiola Mancinelli.<\/p>\n<p style=\"text-align: justify;\">En segon lloc, el <strong>dimarts 24 d&#8217;abril<\/strong>, al vest\u00edbul principal de l&#8217;edifici s&#8217;han programat dues activitats: la Gimcana ling\u00fc\u00edstica, que \u00e9s un joc de preguntes sobre llengua catalana, antropologia, arqueologia, filllosofia, geografia, hist\u00f2ria i hist\u00f2ria de l&#8217;art, i el <strong><em>M\u00f3n de llibres<\/em><\/strong>, un mapa col\u00b7laboratiu de recomanacions liter\u00e0ries.<\/p>\n<p style=\"text-align: justify;\">La Gimcana comen\u00e7ar\u00e0 a les 11 h. Us hi esperem a tots!<\/p>\n<p>&nbsp;<\/p>\n","protected":false},"excerpt":{"rendered":"<p>Us presentem els actes que la Facultat de Filosofia i la Facultat de Geografia i Hist\u00f2ria preparen amb motiu de Sant Jordi, en el marc de la Primavera de la <a class=\"more-link\" href=\"https:\/\/www.ub.edu\/scriptorium\/la-primavera-de-la-llengua-2018-a-la-facultat-de-filosofia\/\">Continua llegint &rarr;<\/a><\/p>\n","protected":false},"author":1,"featured_media":2126,"comment_status":"closed","ping_status":"closed","sticky":false,"template":"","format":"standard","meta":{"_exactmetrics_skip_tracking":false,"_exactmetrics_sitenote_active":false,"_exactmetrics_sitenote_note":"","_exactmetrics_sitenote_category":0,"footnotes":""},"categories":[1],"tags":[132],"class_list":["post-2125","post","type-post","status-publish","format-standard","has-post-thumbnail","hentry","category-general","tag-primavera-de-la-llengua"],"_links":{"self":[{"href":"https:\/\/www.ub.edu\/scriptorium\/wp-json\/wp\/v2\/posts\/2125","targetHints":{"allow":["GET"]}}],"collection":[{"href":"https:\/\/www.ub.edu\/scriptorium\/wp-json\/wp\/v2\/posts"}],"about":[{"href":"https:\/\/www.ub.edu\/scriptorium\/wp-json\/wp\/v2\/types\/post"}],"author":[{"embeddable":true,"href":"https:\/\/www.ub.edu\/scriptorium\/wp-json\/wp\/v2\/users\/1"}],"replies":[{"embeddable":true,"href":"https:\/\/www.ub.edu\/scriptorium\/wp-json\/wp\/v2\/comments?post=2125"}],"version-history":[{"count":6,"href":"https:\/\/www.ub.edu\/scriptorium\/wp-json\/wp\/v2\/posts\/2125\/revisions"}],"predecessor-version":[{"id":2153,"href":"https:\/\/www.ub.edu\/scriptorium\/wp-json\/wp\/v2\/posts\/2125\/revisions\/2153"}],"wp:featuredmedia":[{"embeddable":true,"href":"https:\/\/www.ub.edu\/scriptorium\/wp-json\/wp\/v2\/media\/2126"}],"wp:attachment":[{"href":"https:\/\/www.ub.edu\/scriptorium\/wp-json\/wp\/v2\/media?parent=2125"}],"wp:term":[{"taxonomy":"category","embeddable":true,"href":"https:\/\/www.ub.edu\/scriptorium\/wp-json\/wp\/v2\/categories?post=2125"},{"taxonomy":"post_tag","embeddable":true,"href":"https:\/\/www.ub.edu\/scriptorium\/wp-json\/wp\/v2\/tags?post=2125"}],"curies":[{"name":"wp","href":"https:\/\/api.w.org\/{rel}","templated":true}]}}