{"id":2771,"date":"2021-06-02T11:53:23","date_gmt":"2021-06-02T11:53:23","guid":{"rendered":"https:\/\/www.ub.edu\/scriptorium\/?p=2771"},"modified":"2024-10-09T10:31:07","modified_gmt":"2024-10-09T10:31:07","slug":"cursos-de-llengua-catalana-destiu-de-2021","status":"publish","type":"post","link":"https:\/\/www.ub.edu\/scriptorium\/cursos-de-llengua-catalana-destiu-de-2021\/","title":{"rendered":"Cursos de llengua catalana d\u2019estiu de 2021"},"content":{"rendered":"\n<h3 class=\"wp-block-heading\">Cursos d\u2019estiu en l\u00ednia i amb videoconfer\u00e8ncia<\/h3>\n\n\n\n<p><br>A causa de la situaci\u00f3 actual i de la impossibilitat d&#8217;assegurar classes presencials durant els mesos d&#8217;estiu, oferim <strong>tots els nivells de catal\u00e0 virtuals i amb sessions de videoconfer\u00e8ncies<\/strong> per garantir la relaci\u00f3 amb el professorat i el grup d&#8217;aprenentatge. Podreu continuar o iniciar-vos en l&#8217;aprenentatge de catal\u00e0 des de qualsevol lloc i horari.<\/p>\n\n\n\n<p>Els cursos d\u2019estiu estan oberts a estudiants universitaris i a totes aquelles persones adultes que hi estiguin interessades, sempre que tinguin la formaci\u00f3 necess\u00e0ria per seguir un curs universitari de llengua. Els cursos<strong> es fan en l\u00ednia i amb videoconfer\u00e8ncia<\/strong> en diferents per\u00edodes entre finals de juny i finals de setembre de 2021. Els alumnes inscrits tenen la possibilitat de presentar-se als ex\u00e0mens per obtenir els <a rel=\"noreferrer noopener\" href=\"https:\/\/www.ub.edu\/sl\/ca\/fl\/diplomes.html\" target=\"_blank\">diplomes<\/a> de llengua catalana de la Universitat de Barcelona.<\/p>\n\n\n\n<p><\/p>\n\n\n\n<p>M\u00e9s informaci\u00f3 i inscripcions a <a href=\"https:\/\/www.ub.edu\/sl\/ca\/fl\/estiu\/\" target=\"_blank\" rel=\"noreferrer noopener\">https:\/\/www.ub.edu\/sl\/ca\/fl\/estiu\/<\/a><\/p>\n","protected":false},"excerpt":{"rendered":"<p>Cursos d\u2019estiu en l\u00ednia i amb videoconfer\u00e8ncia A causa de la situaci\u00f3 actual i de la impossibilitat d&#8217;assegurar classes presencials durant els mesos d&#8217;estiu, oferim tots els nivells de catal\u00e0 <a class=\"more-link\" href=\"https:\/\/www.ub.edu\/scriptorium\/cursos-de-llengua-catalana-destiu-de-2021\/\">Continua llegint &rarr;<\/a><\/p>\n","protected":false},"author":1,"featured_media":2772,"comment_status":"closed","ping_status":"closed","sticky":false,"template":"","format":"standard","meta":{"_exactmetrics_skip_tracking":false,"_exactmetrics_sitenote_active":false,"_exactmetrics_sitenote_note":"","_exactmetrics_sitenote_category":0,"footnotes":""},"categories":[1],"tags":[],"class_list":["post-2771","post","type-post","status-publish","format-standard","has-post-thumbnail","hentry","category-general"],"_links":{"self":[{"href":"https:\/\/www.ub.edu\/scriptorium\/wp-json\/wp\/v2\/posts\/2771","targetHints":{"allow":["GET"]}}],"collection":[{"href":"https:\/\/www.ub.edu\/scriptorium\/wp-json\/wp\/v2\/posts"}],"about":[{"href":"https:\/\/www.ub.edu\/scriptorium\/wp-json\/wp\/v2\/types\/post"}],"author":[{"embeddable":true,"href":"https:\/\/www.ub.edu\/scriptorium\/wp-json\/wp\/v2\/users\/1"}],"replies":[{"embeddable":true,"href":"https:\/\/www.ub.edu\/scriptorium\/wp-json\/wp\/v2\/comments?post=2771"}],"version-history":[{"count":2,"href":"https:\/\/www.ub.edu\/scriptorium\/wp-json\/wp\/v2\/posts\/2771\/revisions"}],"predecessor-version":[{"id":2858,"href":"https:\/\/www.ub.edu\/scriptorium\/wp-json\/wp\/v2\/posts\/2771\/revisions\/2858"}],"wp:featuredmedia":[{"embeddable":true,"href":"https:\/\/www.ub.edu\/scriptorium\/wp-json\/wp\/v2\/media\/2772"}],"wp:attachment":[{"href":"https:\/\/www.ub.edu\/scriptorium\/wp-json\/wp\/v2\/media?parent=2771"}],"wp:term":[{"taxonomy":"category","embeddable":true,"href":"https:\/\/www.ub.edu\/scriptorium\/wp-json\/wp\/v2\/categories?post=2771"},{"taxonomy":"post_tag","embeddable":true,"href":"https:\/\/www.ub.edu\/scriptorium\/wp-json\/wp\/v2\/tags?post=2771"}],"curies":[{"name":"wp","href":"https:\/\/api.w.org\/{rel}","templated":true}]}}