{"id":615,"date":"2015-05-04T10:10:59","date_gmt":"2015-05-04T10:10:59","guid":{"rendered":"http:\/\/webfe04.ird.ub.es\/xdl\/filosofia\/?p=615"},"modified":"2020-01-23T18:04:29","modified_gmt":"2020-01-23T18:04:29","slug":"biologicista","status":"publish","type":"post","link":"https:\/\/www.ub.edu\/scriptorium\/biologicista\/","title":{"rendered":"biologicista"},"content":{"rendered":"<p>Des d\u2019un punt de vista estrictament formal, tant la forma biologisme o biologista (formada sobre la base substantiva biologia, de la mateixa manera que s\u2019ha format ecologisme o ecologista sobre la base ecologia), com la forma biologicisme o biologicista (formada sobre la base adjectiva biol\u00f2gic, com s\u2019ha fet amb logicisme, mecanicisme, etc.) es poden considerar ben formades.<\/p>\n<p>A m\u00e9s, hi ha alguns documents que relacionen totes dues formes com a sin\u00f2nimes, com ara a <a href=\"http:\/\/symploke.trujaman.org\/index.php?title=Biologismo\" target=\"_blank\" rel=\"noopener noreferrer\">Symplok\u00e9 <\/a>(Enciclopedia Filos\u00f3fica): \u00abA veces recibe tambi\u00e9n el nombre de <em>biologicismo<\/em>, aunque el t\u00e9rmino aceptado por el <em>Diccionario de la Lengua Espa\u00f1ola<\/em> de la Real Academia Espa\u00f1ola es el de <em>biologismo<\/em>.\u00bb<\/p>\n<p>Com passa amb castell\u00e0, tamb\u00e9 en catal\u00e0 el DIEC i altres diccionaris nom\u00e9s recullen la forma biologisme:<\/p>\n<p>biologisme<\/p>\n<p>m. [FS] Tend\u00e8ncia a interpretar la realitat natural o cultural a partir de models biol\u00f2gics.<\/p>\n<p>Altres fonts en catal\u00e0, tamb\u00e9 recullen \u00fanicament la forma biologisme, com FiloXarxa:<\/p>\n<p><strong>biologisme<\/strong> GEN.<\/p>\n<p>(Apunt publicat anteriorment a <a href=\"https:\/\/www.ub.edu\/sensdubte\/\" target=\"_blank\" rel=\"noopener noreferrer\">Sens Dubte<\/a>)<\/p>\n<div id=\"cont\"><\/div>\n","protected":false},"excerpt":{"rendered":"<p>Des d\u2019un punt de vista estrictament formal, tant la forma biologisme o biologista (formada sobre la base substantiva biologia, de la mateixa manera que s\u2019ha format ecologisme o ecologista sobre <a class=\"more-link\" href=\"https:\/\/www.ub.edu\/scriptorium\/biologicista\/\">Continua llegint &rarr;<\/a><\/p>\n","protected":false},"author":1,"featured_media":0,"comment_status":"closed","ping_status":"closed","sticky":false,"template":"","format":"standard","meta":{"_exactmetrics_skip_tracking":false,"_exactmetrics_sitenote_active":false,"_exactmetrics_sitenote_note":"","_exactmetrics_sitenote_category":0,"footnotes":""},"categories":[3],"tags":[],"class_list":["post-615","post","type-post","status-publish","format-standard","hentry","category-termes-expressions"],"_links":{"self":[{"href":"https:\/\/www.ub.edu\/scriptorium\/wp-json\/wp\/v2\/posts\/615","targetHints":{"allow":["GET"]}}],"collection":[{"href":"https:\/\/www.ub.edu\/scriptorium\/wp-json\/wp\/v2\/posts"}],"about":[{"href":"https:\/\/www.ub.edu\/scriptorium\/wp-json\/wp\/v2\/types\/post"}],"author":[{"embeddable":true,"href":"https:\/\/www.ub.edu\/scriptorium\/wp-json\/wp\/v2\/users\/1"}],"replies":[{"embeddable":true,"href":"https:\/\/www.ub.edu\/scriptorium\/wp-json\/wp\/v2\/comments?post=615"}],"version-history":[{"count":5,"href":"https:\/\/www.ub.edu\/scriptorium\/wp-json\/wp\/v2\/posts\/615\/revisions"}],"predecessor-version":[{"id":2601,"href":"https:\/\/www.ub.edu\/scriptorium\/wp-json\/wp\/v2\/posts\/615\/revisions\/2601"}],"wp:attachment":[{"href":"https:\/\/www.ub.edu\/scriptorium\/wp-json\/wp\/v2\/media?parent=615"}],"wp:term":[{"taxonomy":"category","embeddable":true,"href":"https:\/\/www.ub.edu\/scriptorium\/wp-json\/wp\/v2\/categories?post=615"},{"taxonomy":"post_tag","embeddable":true,"href":"https:\/\/www.ub.edu\/scriptorium\/wp-json\/wp\/v2\/tags?post=615"}],"curies":[{"name":"wp","href":"https:\/\/api.w.org\/{rel}","templated":true}]}}