{"id":6460,"date":"2025-07-01T18:34:17","date_gmt":"2025-07-01T18:34:17","guid":{"rendered":"https:\/\/www.ub.edu\/serp\/web\/?p=6460"},"modified":"2025-11-26T19:30:45","modified_gmt":"2025-11-26T19:30:45","slug":"troben-a-la-cova-del-gegant-de-sitges-restes-daus-migrades-fa-90-000-anys-des-de-regions-properes-a-lartic","status":"publish","type":"post","link":"https:\/\/www.ub.edu\/serp\/web\/troben-a-la-cova-del-gegant-de-sitges-restes-daus-migrades-fa-90-000-anys-des-de-regions-properes-a-lartic\/","title":{"rendered":"Troben a la cova del Gegant de Sitges restes d\u2019aus migrades fa 90.000 anys des de regions properes a l\u2019\u00c0rtic"},"content":{"rendered":"\t\t<div data-elementor-type=\"wp-post\" data-elementor-id=\"6460\" class=\"elementor elementor-6460\">\n\t\t\t\t<div class=\"elementor-element elementor-element-6006c660 e-flex e-con-boxed e-con e-parent\" data-id=\"6006c660\" data-element_type=\"container\" data-e-type=\"container\">\n\t\t\t\t\t<div class=\"e-con-inner\">\n\t\t\t\t<div class=\"elementor-element elementor-element-7ccb2694 elementor-widget elementor-widget-heading\" data-id=\"7ccb2694\" data-element_type=\"widget\" data-e-type=\"widget\" data-widget_type=\"heading.default\">\n\t\t\t\t<div class=\"elementor-widget-container\">\n\t\t\t\t\t<h3 class=\"elementor-heading-title elementor-size-default\">Troben a la cova del Gegant de Sitges restes d\u2019aus migrades fa 90.000 anys des de regions properes a l\u2019\u00c0rtic<\/h3>\t\t\t\t<\/div>\n\t\t\t\t<\/div>\n\t\t\t\t\t<\/div>\n\t\t\t\t<\/div>\n\t\t<div class=\"elementor-element elementor-element-3882d476 e-flex e-con-boxed e-con e-parent\" data-id=\"3882d476\" data-element_type=\"container\" data-e-type=\"container\">\n\t\t\t\t\t<div class=\"e-con-inner\">\n\t\t<div class=\"elementor-element elementor-element-56ddd3be e-con-full e-flex e-con e-child\" data-id=\"56ddd3be\" data-element_type=\"container\" data-e-type=\"container\" data-settings=\"{&quot;background_background&quot;:&quot;classic&quot;}\">\n\t\t\t\t<div class=\"elementor-element elementor-element-272aa012 elementor-widget elementor-widget-image\" data-id=\"272aa012\" data-element_type=\"widget\" data-e-type=\"widget\" data-widget_type=\"image.default\">\n\t\t\t\t<div class=\"elementor-widget-container\">\n\t\t\t\t\t\t\t\t\t\t\t\t<figure class=\"wp-caption\">\n\t\t\t\t\t\t\t\t\t\t\t<a href=\"http:\/\/www.ub.edu\/serp\/web\/wp-content\/uploads\/mussol.png\" data-elementor-open-lightbox=\"yes\" data-elementor-lightbox-title=\"mussol\" data-e-action-hash=\"#elementor-action%3Aaction%3Dlightbox%26settings%3DeyJpZCI6NjQ2MywidXJsIjoiaHR0cHM6XC9cL3d3dy51Yi5lZHVcL3NlcnBcL3dlYlwvd3AtY29udGVudFwvdXBsb2Fkc1wvbXVzc29sLnBuZyJ9\">\n\t\t\t\t\t\t\t<img fetchpriority=\"high\" decoding=\"async\" width=\"640\" height=\"420\" src=\"https:\/\/www.ub.edu\/serp\/web\/wp-content\/uploads\/mussol.png\" class=\"attachment-large size-large wp-image-6463\" alt=\"\" srcset=\"https:\/\/www.ub.edu\/serp\/web\/wp-content\/uploads\/mussol.png 640w, https:\/\/www.ub.edu\/serp\/web\/wp-content\/uploads\/mussol-300x197.png 300w\" sizes=\"(max-width: 640px) 100vw, 640px\" \/>\t\t\t\t\t\t\t\t<\/a>\n\t\t\t\t\t\t\t\t\t\t\t<figcaption class=\"widget-image-caption wp-caption-text\"><\/figcaption>\n\t\t\t\t\t\t\t\t\t\t<\/figure>\n\t\t\t\t\t\t\t\t\t<\/div>\n\t\t\t\t<\/div>\n\t\t\t\t<\/div>\n\t\t<div class=\"elementor-element elementor-element-105de625 e-con-full e-flex e-con e-child\" data-id=\"105de625\" data-element_type=\"container\" data-e-type=\"container\">\n\t\t\t\t<div class=\"elementor-element elementor-element-43f3ae1e elementor-widget elementor-widget-text-editor\" data-id=\"43f3ae1e\" data-element_type=\"widget\" data-e-type=\"widget\" data-widget_type=\"text-editor.default\">\n\t\t\t\t<div class=\"elementor-widget-container\">\n\t\t\t\t\t\t\t\t\t<p>Investigadors del Grup de Recerca del Quaternari del Seminari d\u2019Estudis i Recerques Prehist\u00f2riques (<a href=\"https:\/\/www.ub.edu\/serp\/web\/\">SERP<\/a>)\u00a0han descobert al jaciment de la cova del Gegant de Sitges (Garraf)\u00a0restes d\u2019aus n\u00f2rdiques, pr\u00f2pies de regions properes a l\u2019\u00c0rtic. La troballa, publicada a la revista\u00a0<a href=\"https:\/\/www.sciencedirect.com\/science\/article\/abs\/pii\/S2352409X25002342?via%3Dihub\"><em>Journal of Archaeological Science: Reports<\/em><\/a>, indica que, en diferents moments des de fa 90.000 anys, esp\u00e8cies com el sit blanc (<em>Plectrophenax nivalis<\/em>) o el duc blanc (<em>Bubo scandiacus<\/em>) van viatjar milers quil\u00f2metres cap al sud, fins a la regi\u00f3 mediterr\u00e0nia, per refugiar-s\u2019hi durant episodis de refredament extrem.<\/p>\t\t\t\t\t\t\t\t<\/div>\n\t\t\t\t<\/div>\n\t\t\t\t<div class=\"elementor-element elementor-element-4fe4e9e elementor-widget elementor-widget-button\" data-id=\"4fe4e9e\" data-element_type=\"widget\" data-e-type=\"widget\" data-widget_type=\"button.default\">\n\t\t\t\t<div class=\"elementor-widget-container\">\n\t\t\t\t\t\t\t\t\t<div class=\"elementor-button-wrapper\">\n\t\t\t\t\t<a class=\"elementor-button elementor-button-link elementor-size-sm\" href=\"https:\/\/www.ub.edu\/portal\/web\/geografia-historia\/detall\/-\/detall\/troben-a-la-cova-del-gegant-de-sitges-restes-d-aus-migrades-fa-90-000-anys-des-de-regions-properes-a-l-artic\" target=\"_blank\">\n\t\t\t\t\t\t<span class=\"elementor-button-content-wrapper\">\n\t\t\t\t\t\t\t\t\t<span class=\"elementor-button-text\">Llegir not\u00edcia sencera<\/span>\n\t\t\t\t\t<\/span>\n\t\t\t\t\t<\/a>\n\t\t\t\t<\/div>\n\t\t\t\t\t\t\t\t<\/div>\n\t\t\t\t<\/div>\n\t\t\t\t<\/div>\n\t\t\t\t\t<\/div>\n\t\t\t\t<\/div>\n\t\t\t\t<\/div>\n\t\t","protected":false},"excerpt":{"rendered":"<p>Investigadors del Grup de Recerca del Quaternari del Seminari d\u2019Estudis i Recerques Prehist\u00f2riques (SERP)\u00a0han descobert al jaciment de la cova del Gegant de Sitges (Garraf)\u00a0restes d\u2019aus n\u00f2rdiques, pr\u00f2pies de regions properes a l\u2019\u00c0rtic.<\/p>\n","protected":false},"author":3,"featured_media":6463,"comment_status":"open","ping_status":"closed","sticky":false,"template":"elementor_header_footer","format":"standard","meta":{"site-sidebar-layout":"default","site-content-layout":"","ast-site-content-layout":"default","site-content-style":"default","site-sidebar-style":"default","ast-global-header-display":"","ast-banner-title-visibility":"","ast-main-header-display":"","ast-hfb-above-header-display":"","ast-hfb-below-header-display":"","ast-hfb-mobile-header-display":"","site-post-title":"","ast-breadcrumbs-content":"","ast-featured-img":"","footer-sml-layout":"","ast-disable-related-posts":"","theme-transparent-header-meta":"","adv-header-id-meta":"","stick-header-meta":"","header-above-stick-meta":"","header-main-stick-meta":"","header-below-stick-meta":"","astra-migrate-meta-layouts":"set","ast-page-background-enabled":"default","ast-page-background-meta":{"desktop":{"background-color":"var(--ast-global-color-4)","background-image":"","background-repeat":"repeat","background-position":"center center","background-size":"auto","background-attachment":"scroll","background-type":"","background-media":"","overlay-type":"","overlay-color":"","overlay-opacity":"","overlay-gradient":""},"tablet":{"background-color":"","background-image":"","background-repeat":"repeat","background-position":"center center","background-size":"auto","background-attachment":"scroll","background-type":"","background-media":"","overlay-type":"","overlay-color":"","overlay-opacity":"","overlay-gradient":""},"mobile":{"background-color":"","background-image":"","background-repeat":"repeat","background-position":"center center","background-size":"auto","background-attachment":"scroll","background-type":"","background-media":"","overlay-type":"","overlay-color":"","overlay-opacity":"","overlay-gradient":""}},"ast-content-background-meta":{"desktop":{"background-color":"var(--ast-global-color-5)","background-image":"","background-repeat":"repeat","background-position":"center center","background-size":"auto","background-attachment":"scroll","background-type":"","background-media":"","overlay-type":"","overlay-color":"","overlay-opacity":"","overlay-gradient":""},"tablet":{"background-color":"var(--ast-global-color-5)","background-image":"","background-repeat":"repeat","background-position":"center center","background-size":"auto","background-attachment":"scroll","background-type":"","background-media":"","overlay-type":"","overlay-color":"","overlay-opacity":"","overlay-gradient":""},"mobile":{"background-color":"var(--ast-global-color-5)","background-image":"","background-repeat":"repeat","background-position":"center center","background-size":"auto","background-attachment":"scroll","background-type":"","background-media":"","overlay-type":"","overlay-color":"","overlay-opacity":"","overlay-gradient":""}},"footnotes":""},"categories":[11],"tags":[],"class_list":["post-6460","post","type-post","status-publish","format-standard","has-post-thumbnail","hentry","category-noticies"],"yoast_head":"<!-- This site is optimized with the Yoast SEO plugin v27.0 - https:\/\/yoast.com\/product\/yoast-seo-wordpress\/ -->\n<title>Troben a la cova del Gegant de Sitges restes d\u2019aus migrades fa 90.000 anys des de regions properes a l\u2019\u00c0rtic - Grup de Recerca SERP<\/title>\n<meta name=\"robots\" content=\"index, follow, max-snippet:-1, max-image-preview:large, max-video-preview:-1\" \/>\n<link rel=\"canonical\" href=\"https:\/\/www.ub.edu\/serp\/web\/troben-a-la-cova-del-gegant-de-sitges-restes-daus-migrades-fa-90-000-anys-des-de-regions-properes-a-lartic\/\" \/>\n<meta property=\"og:locale\" content=\"ca_ES\" \/>\n<meta property=\"og:type\" content=\"article\" \/>\n<meta property=\"og:title\" content=\"Troben a la cova del Gegant de Sitges restes d\u2019aus migrades fa 90.000 anys des de regions properes a l\u2019\u00c0rtic - Grup de Recerca SERP\" \/>\n<meta property=\"og:description\" content=\"Investigadors del Grup de Recerca del Quaternari del Seminari d\u2019Estudis i Recerques Prehist\u00f2riques (SERP)\u00a0han descobert al jaciment de la cova del Gegant de Sitges (Garraf)\u00a0restes d\u2019aus n\u00f2rdiques, pr\u00f2pies de regions properes a l\u2019\u00c0rtic.\" \/>\n<meta property=\"og:url\" content=\"https:\/\/www.ub.edu\/serp\/web\/troben-a-la-cova-del-gegant-de-sitges-restes-daus-migrades-fa-90-000-anys-des-de-regions-properes-a-lartic\/\" \/>\n<meta property=\"og:site_name\" content=\"Grup de Recerca SERP\" \/>\n<meta property=\"article:published_time\" content=\"2025-07-01T18:34:17+00:00\" \/>\n<meta property=\"article:modified_time\" content=\"2025-11-26T19:30:45+00:00\" \/>\n<meta property=\"og:image\" content=\"http:\/\/www.ub.edu\/serp\/web\/wp-content\/uploads\/mussol.png\" \/>\n\t<meta property=\"og:image:width\" content=\"640\" \/>\n\t<meta property=\"og:image:height\" content=\"420\" \/>\n\t<meta property=\"og:image:type\" content=\"image\/png\" \/>\n<meta name=\"author\" content=\"socoserp\" \/>\n<meta name=\"twitter:card\" content=\"summary_large_image\" \/>\n<meta name=\"twitter:label1\" content=\"Escrit per\" \/>\n\t<meta name=\"twitter:data1\" content=\"socoserp\" \/>\n\t<meta name=\"twitter:label2\" content=\"Temps estimat de lectura\" \/>\n\t<meta name=\"twitter:data2\" content=\"1 minut\" \/>\n<script type=\"application\/ld+json\" class=\"yoast-schema-graph\">{\"@context\":\"https:\/\/schema.org\",\"@graph\":[{\"@type\":\"Article\",\"@id\":\"https:\/\/www.ub.edu\/serp\/web\/troben-a-la-cova-del-gegant-de-sitges-restes-daus-migrades-fa-90-000-anys-des-de-regions-properes-a-lartic\/#article\",\"isPartOf\":{\"@id\":\"https:\/\/www.ub.edu\/serp\/web\/troben-a-la-cova-del-gegant-de-sitges-restes-daus-migrades-fa-90-000-anys-des-de-regions-properes-a-lartic\/\"},\"author\":{\"name\":\"socoserp\",\"@id\":\"https:\/\/www.ub.edu\/serp\/web\/#\/schema\/person\/3f590b3dfeb8caf90e6f0c7204507fb7\"},\"headline\":\"Troben a la cova del Gegant de Sitges restes d\u2019aus migrades fa 90.000 anys des de regions properes a l\u2019\u00c0rtic\",\"datePublished\":\"2025-07-01T18:34:17+00:00\",\"dateModified\":\"2025-11-26T19:30:45+00:00\",\"mainEntityOfPage\":{\"@id\":\"https:\/\/www.ub.edu\/serp\/web\/troben-a-la-cova-del-gegant-de-sitges-restes-daus-migrades-fa-90-000-anys-des-de-regions-properes-a-lartic\/\"},\"wordCount\":143,\"commentCount\":0,\"publisher\":{\"@id\":\"https:\/\/www.ub.edu\/serp\/web\/#organization\"},\"image\":{\"@id\":\"https:\/\/www.ub.edu\/serp\/web\/troben-a-la-cova-del-gegant-de-sitges-restes-daus-migrades-fa-90-000-anys-des-de-regions-properes-a-lartic\/#primaryimage\"},\"thumbnailUrl\":\"https:\/\/www.ub.edu\/serp\/web\/wp-content\/uploads\/mussol.png\",\"articleSection\":[\"Not\u00edcies\"],\"inLanguage\":\"ca\",\"potentialAction\":[{\"@type\":\"CommentAction\",\"name\":\"Comment\",\"target\":[\"https:\/\/www.ub.edu\/serp\/web\/troben-a-la-cova-del-gegant-de-sitges-restes-daus-migrades-fa-90-000-anys-des-de-regions-properes-a-lartic\/#respond\"]}]},{\"@type\":\"WebPage\",\"@id\":\"https:\/\/www.ub.edu\/serp\/web\/troben-a-la-cova-del-gegant-de-sitges-restes-daus-migrades-fa-90-000-anys-des-de-regions-properes-a-lartic\/\",\"url\":\"https:\/\/www.ub.edu\/serp\/web\/troben-a-la-cova-del-gegant-de-sitges-restes-daus-migrades-fa-90-000-anys-des-de-regions-properes-a-lartic\/\",\"name\":\"Troben a la cova del Gegant de Sitges restes d\u2019aus migrades fa 90.000 anys des de regions properes a l\u2019\u00c0rtic - Grup de Recerca SERP\",\"isPartOf\":{\"@id\":\"https:\/\/www.ub.edu\/serp\/web\/#website\"},\"primaryImageOfPage\":{\"@id\":\"https:\/\/www.ub.edu\/serp\/web\/troben-a-la-cova-del-gegant-de-sitges-restes-daus-migrades-fa-90-000-anys-des-de-regions-properes-a-lartic\/#primaryimage\"},\"image\":{\"@id\":\"https:\/\/www.ub.edu\/serp\/web\/troben-a-la-cova-del-gegant-de-sitges-restes-daus-migrades-fa-90-000-anys-des-de-regions-properes-a-lartic\/#primaryimage\"},\"thumbnailUrl\":\"https:\/\/www.ub.edu\/serp\/web\/wp-content\/uploads\/mussol.png\",\"datePublished\":\"2025-07-01T18:34:17+00:00\",\"dateModified\":\"2025-11-26T19:30:45+00:00\",\"breadcrumb\":{\"@id\":\"https:\/\/www.ub.edu\/serp\/web\/troben-a-la-cova-del-gegant-de-sitges-restes-daus-migrades-fa-90-000-anys-des-de-regions-properes-a-lartic\/#breadcrumb\"},\"inLanguage\":\"ca\",\"potentialAction\":[{\"@type\":\"ReadAction\",\"target\":[\"https:\/\/www.ub.edu\/serp\/web\/troben-a-la-cova-del-gegant-de-sitges-restes-daus-migrades-fa-90-000-anys-des-de-regions-properes-a-lartic\/\"]}]},{\"@type\":\"ImageObject\",\"inLanguage\":\"ca\",\"@id\":\"https:\/\/www.ub.edu\/serp\/web\/troben-a-la-cova-del-gegant-de-sitges-restes-daus-migrades-fa-90-000-anys-des-de-regions-properes-a-lartic\/#primaryimage\",\"url\":\"https:\/\/www.ub.edu\/serp\/web\/wp-content\/uploads\/mussol.png\",\"contentUrl\":\"https:\/\/www.ub.edu\/serp\/web\/wp-content\/uploads\/mussol.png\",\"width\":640,\"height\":420},{\"@type\":\"BreadcrumbList\",\"@id\":\"https:\/\/www.ub.edu\/serp\/web\/troben-a-la-cova-del-gegant-de-sitges-restes-daus-migrades-fa-90-000-anys-des-de-regions-properes-a-lartic\/#breadcrumb\",\"itemListElement\":[{\"@type\":\"ListItem\",\"position\":1,\"name\":\"Inici\",\"item\":\"https:\/\/www.ub.edu\/serp\/web\/\"},{\"@type\":\"ListItem\",\"position\":2,\"name\":\"Troben a la cova del Gegant de Sitges restes d\u2019aus migrades fa 90.000 anys des de regions properes a l\u2019\u00c0rtic\"}]},{\"@type\":\"WebSite\",\"@id\":\"https:\/\/www.ub.edu\/serp\/web\/#website\",\"url\":\"https:\/\/www.ub.edu\/serp\/web\/\",\"name\":\"Grup de Recerca SERP\",\"description\":\"\",\"publisher\":{\"@id\":\"https:\/\/www.ub.edu\/serp\/web\/#organization\"},\"potentialAction\":[{\"@type\":\"SearchAction\",\"target\":{\"@type\":\"EntryPoint\",\"urlTemplate\":\"https:\/\/www.ub.edu\/serp\/web\/?s={search_term_string}\"},\"query-input\":{\"@type\":\"PropertyValueSpecification\",\"valueRequired\":true,\"valueName\":\"search_term_string\"}}],\"inLanguage\":\"ca\"},{\"@type\":\"Organization\",\"@id\":\"https:\/\/www.ub.edu\/serp\/web\/#organization\",\"name\":\"Grup de Recerca SERP\",\"url\":\"https:\/\/www.ub.edu\/serp\/web\/\",\"logo\":{\"@type\":\"ImageObject\",\"inLanguage\":\"ca\",\"@id\":\"https:\/\/www.ub.edu\/serp\/web\/#\/schema\/logo\/image\/\",\"url\":\"https:\/\/www.ub.edu\/serp\/web\/wp-content\/uploads\/2024\/01\/cropped-cropped-cropped-logo_web_serp_2019-1.png\",\"contentUrl\":\"https:\/\/www.ub.edu\/serp\/web\/wp-content\/uploads\/2024\/01\/cropped-cropped-cropped-logo_web_serp_2019-1.png\",\"width\":310,\"height\":184,\"caption\":\"Grup de Recerca SERP\"},\"image\":{\"@id\":\"https:\/\/www.ub.edu\/serp\/web\/#\/schema\/logo\/image\/\"}},{\"@type\":\"Person\",\"@id\":\"https:\/\/www.ub.edu\/serp\/web\/#\/schema\/person\/3f590b3dfeb8caf90e6f0c7204507fb7\",\"name\":\"socoserp\",\"image\":{\"@type\":\"ImageObject\",\"inLanguage\":\"ca\",\"@id\":\"https:\/\/www.ub.edu\/serp\/web\/#\/schema\/person\/image\/\",\"url\":\"https:\/\/secure.gravatar.com\/avatar\/4155954d42a2d92368b1ad3f5aa09837eb7b169776f463b01892ae4631f20f46?s=96&d=mm&r=g\",\"contentUrl\":\"https:\/\/secure.gravatar.com\/avatar\/4155954d42a2d92368b1ad3f5aa09837eb7b169776f463b01892ae4631f20f46?s=96&d=mm&r=g\",\"caption\":\"socoserp\"},\"url\":\"https:\/\/www.ub.edu\/serp\/web\/author\/socoserp\/\"}]}<\/script>\n<!-- \/ Yoast SEO plugin. -->","yoast_head_json":{"title":"Troben a la cova del Gegant de Sitges restes d\u2019aus migrades fa 90.000 anys des de regions properes a l\u2019\u00c0rtic - Grup de Recerca SERP","robots":{"index":"index","follow":"follow","max-snippet":"max-snippet:-1","max-image-preview":"max-image-preview:large","max-video-preview":"max-video-preview:-1"},"canonical":"https:\/\/www.ub.edu\/serp\/web\/troben-a-la-cova-del-gegant-de-sitges-restes-daus-migrades-fa-90-000-anys-des-de-regions-properes-a-lartic\/","og_locale":"ca_ES","og_type":"article","og_title":"Troben a la cova del Gegant de Sitges restes d\u2019aus migrades fa 90.000 anys des de regions properes a l\u2019\u00c0rtic - Grup de Recerca SERP","og_description":"Investigadors del Grup de Recerca del Quaternari del Seminari d\u2019Estudis i Recerques Prehist\u00f2riques (SERP)\u00a0han descobert al jaciment de la cova del Gegant de Sitges (Garraf)\u00a0restes d\u2019aus n\u00f2rdiques, pr\u00f2pies de regions properes a l\u2019\u00c0rtic.","og_url":"https:\/\/www.ub.edu\/serp\/web\/troben-a-la-cova-del-gegant-de-sitges-restes-daus-migrades-fa-90-000-anys-des-de-regions-properes-a-lartic\/","og_site_name":"Grup de Recerca SERP","article_published_time":"2025-07-01T18:34:17+00:00","article_modified_time":"2025-11-26T19:30:45+00:00","og_image":[{"width":640,"height":420,"url":"http:\/\/www.ub.edu\/serp\/web\/wp-content\/uploads\/mussol.png","type":"image\/png"}],"author":"socoserp","twitter_card":"summary_large_image","twitter_misc":{"Escrit per":"socoserp","Temps estimat de lectura":"1 minut"},"schema":{"@context":"https:\/\/schema.org","@graph":[{"@type":"Article","@id":"https:\/\/www.ub.edu\/serp\/web\/troben-a-la-cova-del-gegant-de-sitges-restes-daus-migrades-fa-90-000-anys-des-de-regions-properes-a-lartic\/#article","isPartOf":{"@id":"https:\/\/www.ub.edu\/serp\/web\/troben-a-la-cova-del-gegant-de-sitges-restes-daus-migrades-fa-90-000-anys-des-de-regions-properes-a-lartic\/"},"author":{"name":"socoserp","@id":"https:\/\/www.ub.edu\/serp\/web\/#\/schema\/person\/3f590b3dfeb8caf90e6f0c7204507fb7"},"headline":"Troben a la cova del Gegant de Sitges restes d\u2019aus migrades fa 90.000 anys des de regions properes a l\u2019\u00c0rtic","datePublished":"2025-07-01T18:34:17+00:00","dateModified":"2025-11-26T19:30:45+00:00","mainEntityOfPage":{"@id":"https:\/\/www.ub.edu\/serp\/web\/troben-a-la-cova-del-gegant-de-sitges-restes-daus-migrades-fa-90-000-anys-des-de-regions-properes-a-lartic\/"},"wordCount":143,"commentCount":0,"publisher":{"@id":"https:\/\/www.ub.edu\/serp\/web\/#organization"},"image":{"@id":"https:\/\/www.ub.edu\/serp\/web\/troben-a-la-cova-del-gegant-de-sitges-restes-daus-migrades-fa-90-000-anys-des-de-regions-properes-a-lartic\/#primaryimage"},"thumbnailUrl":"https:\/\/www.ub.edu\/serp\/web\/wp-content\/uploads\/mussol.png","articleSection":["Not\u00edcies"],"inLanguage":"ca","potentialAction":[{"@type":"CommentAction","name":"Comment","target":["https:\/\/www.ub.edu\/serp\/web\/troben-a-la-cova-del-gegant-de-sitges-restes-daus-migrades-fa-90-000-anys-des-de-regions-properes-a-lartic\/#respond"]}]},{"@type":"WebPage","@id":"https:\/\/www.ub.edu\/serp\/web\/troben-a-la-cova-del-gegant-de-sitges-restes-daus-migrades-fa-90-000-anys-des-de-regions-properes-a-lartic\/","url":"https:\/\/www.ub.edu\/serp\/web\/troben-a-la-cova-del-gegant-de-sitges-restes-daus-migrades-fa-90-000-anys-des-de-regions-properes-a-lartic\/","name":"Troben a la cova del Gegant de Sitges restes d\u2019aus migrades fa 90.000 anys des de regions properes a l\u2019\u00c0rtic - Grup de Recerca SERP","isPartOf":{"@id":"https:\/\/www.ub.edu\/serp\/web\/#website"},"primaryImageOfPage":{"@id":"https:\/\/www.ub.edu\/serp\/web\/troben-a-la-cova-del-gegant-de-sitges-restes-daus-migrades-fa-90-000-anys-des-de-regions-properes-a-lartic\/#primaryimage"},"image":{"@id":"https:\/\/www.ub.edu\/serp\/web\/troben-a-la-cova-del-gegant-de-sitges-restes-daus-migrades-fa-90-000-anys-des-de-regions-properes-a-lartic\/#primaryimage"},"thumbnailUrl":"https:\/\/www.ub.edu\/serp\/web\/wp-content\/uploads\/mussol.png","datePublished":"2025-07-01T18:34:17+00:00","dateModified":"2025-11-26T19:30:45+00:00","breadcrumb":{"@id":"https:\/\/www.ub.edu\/serp\/web\/troben-a-la-cova-del-gegant-de-sitges-restes-daus-migrades-fa-90-000-anys-des-de-regions-properes-a-lartic\/#breadcrumb"},"inLanguage":"ca","potentialAction":[{"@type":"ReadAction","target":["https:\/\/www.ub.edu\/serp\/web\/troben-a-la-cova-del-gegant-de-sitges-restes-daus-migrades-fa-90-000-anys-des-de-regions-properes-a-lartic\/"]}]},{"@type":"ImageObject","inLanguage":"ca","@id":"https:\/\/www.ub.edu\/serp\/web\/troben-a-la-cova-del-gegant-de-sitges-restes-daus-migrades-fa-90-000-anys-des-de-regions-properes-a-lartic\/#primaryimage","url":"https:\/\/www.ub.edu\/serp\/web\/wp-content\/uploads\/mussol.png","contentUrl":"https:\/\/www.ub.edu\/serp\/web\/wp-content\/uploads\/mussol.png","width":640,"height":420},{"@type":"BreadcrumbList","@id":"https:\/\/www.ub.edu\/serp\/web\/troben-a-la-cova-del-gegant-de-sitges-restes-daus-migrades-fa-90-000-anys-des-de-regions-properes-a-lartic\/#breadcrumb","itemListElement":[{"@type":"ListItem","position":1,"name":"Inici","item":"https:\/\/www.ub.edu\/serp\/web\/"},{"@type":"ListItem","position":2,"name":"Troben a la cova del Gegant de Sitges restes d\u2019aus migrades fa 90.000 anys des de regions properes a l\u2019\u00c0rtic"}]},{"@type":"WebSite","@id":"https:\/\/www.ub.edu\/serp\/web\/#website","url":"https:\/\/www.ub.edu\/serp\/web\/","name":"Grup de Recerca SERP","description":"","publisher":{"@id":"https:\/\/www.ub.edu\/serp\/web\/#organization"},"potentialAction":[{"@type":"SearchAction","target":{"@type":"EntryPoint","urlTemplate":"https:\/\/www.ub.edu\/serp\/web\/?s={search_term_string}"},"query-input":{"@type":"PropertyValueSpecification","valueRequired":true,"valueName":"search_term_string"}}],"inLanguage":"ca"},{"@type":"Organization","@id":"https:\/\/www.ub.edu\/serp\/web\/#organization","name":"Grup de Recerca SERP","url":"https:\/\/www.ub.edu\/serp\/web\/","logo":{"@type":"ImageObject","inLanguage":"ca","@id":"https:\/\/www.ub.edu\/serp\/web\/#\/schema\/logo\/image\/","url":"https:\/\/www.ub.edu\/serp\/web\/wp-content\/uploads\/2024\/01\/cropped-cropped-cropped-logo_web_serp_2019-1.png","contentUrl":"https:\/\/www.ub.edu\/serp\/web\/wp-content\/uploads\/2024\/01\/cropped-cropped-cropped-logo_web_serp_2019-1.png","width":310,"height":184,"caption":"Grup de Recerca SERP"},"image":{"@id":"https:\/\/www.ub.edu\/serp\/web\/#\/schema\/logo\/image\/"}},{"@type":"Person","@id":"https:\/\/www.ub.edu\/serp\/web\/#\/schema\/person\/3f590b3dfeb8caf90e6f0c7204507fb7","name":"socoserp","image":{"@type":"ImageObject","inLanguage":"ca","@id":"https:\/\/www.ub.edu\/serp\/web\/#\/schema\/person\/image\/","url":"https:\/\/secure.gravatar.com\/avatar\/4155954d42a2d92368b1ad3f5aa09837eb7b169776f463b01892ae4631f20f46?s=96&d=mm&r=g","contentUrl":"https:\/\/secure.gravatar.com\/avatar\/4155954d42a2d92368b1ad3f5aa09837eb7b169776f463b01892ae4631f20f46?s=96&d=mm&r=g","caption":"socoserp"},"url":"https:\/\/www.ub.edu\/serp\/web\/author\/socoserp\/"}]}},"_links":{"self":[{"href":"https:\/\/www.ub.edu\/serp\/web\/wp-json\/wp\/v2\/posts\/6460","targetHints":{"allow":["GET"]}}],"collection":[{"href":"https:\/\/www.ub.edu\/serp\/web\/wp-json\/wp\/v2\/posts"}],"about":[{"href":"https:\/\/www.ub.edu\/serp\/web\/wp-json\/wp\/v2\/types\/post"}],"author":[{"embeddable":true,"href":"https:\/\/www.ub.edu\/serp\/web\/wp-json\/wp\/v2\/users\/3"}],"replies":[{"embeddable":true,"href":"https:\/\/www.ub.edu\/serp\/web\/wp-json\/wp\/v2\/comments?post=6460"}],"version-history":[{"count":10,"href":"https:\/\/www.ub.edu\/serp\/web\/wp-json\/wp\/v2\/posts\/6460\/revisions"}],"predecessor-version":[{"id":6521,"href":"https:\/\/www.ub.edu\/serp\/web\/wp-json\/wp\/v2\/posts\/6460\/revisions\/6521"}],"wp:featuredmedia":[{"embeddable":true,"href":"https:\/\/www.ub.edu\/serp\/web\/wp-json\/wp\/v2\/media\/6463"}],"wp:attachment":[{"href":"https:\/\/www.ub.edu\/serp\/web\/wp-json\/wp\/v2\/media?parent=6460"}],"wp:term":[{"taxonomy":"category","embeddable":true,"href":"https:\/\/www.ub.edu\/serp\/web\/wp-json\/wp\/v2\/categories?post=6460"},{"taxonomy":"post_tag","embeddable":true,"href":"https:\/\/www.ub.edu\/serp\/web\/wp-json\/wp\/v2\/tags?post=6460"}],"curies":[{"name":"wp","href":"https:\/\/api.w.org\/{rel}","templated":true}]}}