{"id":6695,"date":"2026-01-13T10:32:16","date_gmt":"2026-01-13T10:32:16","guid":{"rendered":"https:\/\/www.ub.edu\/serp\/web\/?p=6695"},"modified":"2026-01-31T10:41:09","modified_gmt":"2026-01-31T10:41:09","slug":"el-control-humano-del-fuego-empezo-mucho-antes-de-lo-pensado","status":"publish","type":"post","link":"https:\/\/www.ub.edu\/serp\/web\/el-control-humano-del-fuego-empezo-mucho-antes-de-lo-pensado\/","title":{"rendered":"El control humano del fuego empez\u00f3 mucho antes de lo pensado"},"content":{"rendered":"\t\t<div data-elementor-type=\"wp-post\" data-elementor-id=\"6695\" class=\"elementor elementor-6695\">\n\t\t\t\t<div class=\"elementor-element elementor-element-1692b296 e-flex e-con-boxed e-con e-parent\" data-id=\"1692b296\" data-element_type=\"container\" data-e-type=\"container\">\n\t\t\t\t\t<div class=\"e-con-inner\">\n\t\t\t\t<div class=\"elementor-element elementor-element-53b19f16 elementor-widget elementor-widget-heading\" data-id=\"53b19f16\" data-element_type=\"widget\" data-e-type=\"widget\" data-widget_type=\"heading.default\">\n\t\t\t\t<div class=\"elementor-widget-container\">\n\t\t\t\t\t<h3 class=\"elementor-heading-title elementor-size-default\">El control humano del fuego empez\u00f3 mucho antes de lo pensado<\/h3>\t\t\t\t<\/div>\n\t\t\t\t<\/div>\n\t\t\t\t\t<\/div>\n\t\t\t\t<\/div>\n\t\t<div class=\"elementor-element elementor-element-617199f6 e-flex e-con-boxed e-con e-parent\" data-id=\"617199f6\" data-element_type=\"container\" data-e-type=\"container\">\n\t\t\t\t\t<div class=\"e-con-inner\">\n\t\t<div class=\"elementor-element elementor-element-23ea8754 e-con-full e-flex e-con e-child\" data-id=\"23ea8754\" data-element_type=\"container\" data-e-type=\"container\" data-settings=\"{&quot;background_background&quot;:&quot;classic&quot;}\">\n\t\t\t\t<div class=\"elementor-element elementor-element-ad428d9 elementor-widget elementor-widget-image\" data-id=\"ad428d9\" data-element_type=\"widget\" data-e-type=\"widget\" data-widget_type=\"image.default\">\n\t\t\t\t<div class=\"elementor-widget-container\">\n\t\t\t\t\t\t\t\t\t\t\t\t\t\t\t<img fetchpriority=\"high\" decoding=\"async\" width=\"320\" height=\"320\" src=\"https:\/\/www.ub.edu\/serp\/web\/wp-content\/uploads\/Prehist_2026-01-31-001.jpg\" class=\"attachment-large size-large wp-image-6698\" alt=\"\" srcset=\"https:\/\/www.ub.edu\/serp\/web\/wp-content\/uploads\/Prehist_2026-01-31-001.jpg 320w, https:\/\/www.ub.edu\/serp\/web\/wp-content\/uploads\/Prehist_2026-01-31-001-300x300.jpg 300w, https:\/\/www.ub.edu\/serp\/web\/wp-content\/uploads\/Prehist_2026-01-31-001-150x150.jpg 150w\" sizes=\"(max-width: 320px) 100vw, 320px\" \/>\t\t\t\t\t\t\t\t\t\t\t\t\t\t\t<\/div>\n\t\t\t\t<\/div>\n\t\t\t\t<\/div>\n\t\t<div class=\"elementor-element elementor-element-46aa215e e-con-full e-flex e-con e-child\" data-id=\"46aa215e\" data-element_type=\"container\" data-e-type=\"container\">\n\t\t\t\t<div class=\"elementor-element elementor-element-681c2d08 elementor-widget elementor-widget-text-editor\" data-id=\"681c2d08\" data-element_type=\"widget\" data-e-type=\"widget\" data-widget_type=\"text-editor.default\">\n\t\t\t\t<div class=\"elementor-widget-container\">\n\t\t\t\t\t\t\t\t\t<p><strong>Not\u00edcia publicada a RNE Radio (A golpe de bit)<\/strong><\/p><p>\u00a0<\/p><p>Nuevas evidencias arqueol\u00f3gicas sit\u00faan la producci\u00f3n y el control deliberado del fuego por parte de los humanos hace unos 400.000 a\u00f1os, mucho antes de lo que se cre\u00eda hasta ahora. El hallazgo, basado en restos quemados de forma repetida, herramientas alteradas por altas temperaturas y minerales capaces de generar chispas como pirita, obliga a replantear uno de los grandes hitos de la evoluci\u00f3n humana y abre nuevas v\u00edas para entender c\u00f3mo nuestros antepasados empezaron a dominar su entorno.<\/p><p>\u00a0<\/p><p>Hablamos con Ruth Blasco, investigadora Ram\u00f3n y Cajal de la Agencia Estatal de Investigaci\u00f3n en el IPHES (Institut catal\u00e0 de Paleo-ecologia Humana i Evoluci\u00f3 Social) en Tarragona y con Montserrat Sanz, arque\u00f3loga e investigadora de la Universidad de Barcelona.<\/p>\t\t\t\t\t\t\t\t<\/div>\n\t\t\t\t<\/div>\n\t\t\t\t<div class=\"elementor-element elementor-element-9f5d0ea elementor-widget elementor-widget-button\" data-id=\"9f5d0ea\" data-element_type=\"widget\" data-e-type=\"widget\" data-widget_type=\"button.default\">\n\t\t\t\t<div class=\"elementor-widget-container\">\n\t\t\t\t\t\t\t\t\t<div class=\"elementor-button-wrapper\">\n\t\t\t\t\t<a class=\"elementor-button elementor-button-link elementor-size-sm\" href=\"https:\/\/www.rtve.es\/play\/audios\/a-golpe-de-bit\/control-humano-fuego\/16892387\/\" target=\"_blank\">\n\t\t\t\t\t\t<span class=\"elementor-button-content-wrapper\">\n\t\t\t\t\t\t\t\t\t<span class=\"elementor-button-text\">Enlla\u00e7 al Podcast<\/span>\n\t\t\t\t\t<\/span>\n\t\t\t\t\t<\/a>\n\t\t\t\t<\/div>\n\t\t\t\t\t\t\t\t<\/div>\n\t\t\t\t<\/div>\n\t\t\t\t<\/div>\n\t\t\t\t\t<\/div>\n\t\t\t\t<\/div>\n\t\t\t\t<\/div>\n\t\t","protected":false},"excerpt":{"rendered":"<p>El control humano del fuego empez\u00f3 mucho antes de lo pensado Not\u00edcia publicada a RNE Radio (A golpe de bit) \u00a0 Nuevas evidencias arqueol\u00f3gicas sit\u00faan la producci\u00f3n y el control [&hellip;]<\/p>\n","protected":false},"author":3,"featured_media":6698,"comment_status":"open","ping_status":"closed","sticky":false,"template":"elementor_header_footer","format":"standard","meta":{"site-sidebar-layout":"default","site-content-layout":"","ast-site-content-layout":"default","site-content-style":"default","site-sidebar-style":"default","ast-global-header-display":"","ast-banner-title-visibility":"","ast-main-header-display":"","ast-hfb-above-header-display":"","ast-hfb-below-header-display":"","ast-hfb-mobile-header-display":"","site-post-title":"","ast-breadcrumbs-content":"","ast-featured-img":"","footer-sml-layout":"","ast-disable-related-posts":"","theme-transparent-header-meta":"","adv-header-id-meta":"","stick-header-meta":"","header-above-stick-meta":"","header-main-stick-meta":"","header-below-stick-meta":"","astra-migrate-meta-layouts":"set","ast-page-background-enabled":"default","ast-page-background-meta":{"desktop":{"background-color":"var(--ast-global-color-4)","background-image":"","background-repeat":"repeat","background-position":"center center","background-size":"auto","background-attachment":"scroll","background-type":"","background-media":"","overlay-type":"","overlay-color":"","overlay-opacity":"","overlay-gradient":""},"tablet":{"background-color":"","background-image":"","background-repeat":"repeat","background-position":"center center","background-size":"auto","background-attachment":"scroll","background-type":"","background-media":"","overlay-type":"","overlay-color":"","overlay-opacity":"","overlay-gradient":""},"mobile":{"background-color":"","background-image":"","background-repeat":"repeat","background-position":"center center","background-size":"auto","background-attachment":"scroll","background-type":"","background-media":"","overlay-type":"","overlay-color":"","overlay-opacity":"","overlay-gradient":""}},"ast-content-background-meta":{"desktop":{"background-color":"var(--ast-global-color-5)","background-image":"","background-repeat":"repeat","background-position":"center center","background-size":"auto","background-attachment":"scroll","background-type":"","background-media":"","overlay-type":"","overlay-color":"","overlay-opacity":"","overlay-gradient":""},"tablet":{"background-color":"var(--ast-global-color-5)","background-image":"","background-repeat":"repeat","background-position":"center center","background-size":"auto","background-attachment":"scroll","background-type":"","background-media":"","overlay-type":"","overlay-color":"","overlay-opacity":"","overlay-gradient":""},"mobile":{"background-color":"var(--ast-global-color-5)","background-image":"","background-repeat":"repeat","background-position":"center center","background-size":"auto","background-attachment":"scroll","background-type":"","background-media":"","overlay-type":"","overlay-color":"","overlay-opacity":"","overlay-gradient":""}},"footnotes":""},"categories":[11],"tags":[],"class_list":["post-6695","post","type-post","status-publish","format-standard","has-post-thumbnail","hentry","category-noticies"],"yoast_head":"<!-- This site is optimized with the Yoast SEO plugin v27.0 - https:\/\/yoast.com\/product\/yoast-seo-wordpress\/ -->\n<title>El control humano del fuego empez\u00f3 mucho antes de lo pensado - Grup de Recerca SERP<\/title>\n<meta name=\"robots\" content=\"index, follow, max-snippet:-1, max-image-preview:large, max-video-preview:-1\" \/>\n<link rel=\"canonical\" href=\"https:\/\/www.ub.edu\/serp\/web\/el-control-humano-del-fuego-empezo-mucho-antes-de-lo-pensado\/\" \/>\n<meta property=\"og:locale\" content=\"ca_ES\" \/>\n<meta property=\"og:type\" content=\"article\" \/>\n<meta property=\"og:title\" content=\"El control humano del fuego empez\u00f3 mucho antes de lo pensado - Grup de Recerca SERP\" \/>\n<meta property=\"og:description\" content=\"El control humano del fuego empez\u00f3 mucho antes de lo pensado Not\u00edcia publicada a RNE Radio (A golpe de bit) \u00a0 Nuevas evidencias arqueol\u00f3gicas sit\u00faan la producci\u00f3n y el control [&hellip;]\" \/>\n<meta property=\"og:url\" content=\"https:\/\/www.ub.edu\/serp\/web\/el-control-humano-del-fuego-empezo-mucho-antes-de-lo-pensado\/\" \/>\n<meta property=\"og:site_name\" content=\"Grup de Recerca SERP\" \/>\n<meta property=\"article:published_time\" content=\"2026-01-13T10:32:16+00:00\" \/>\n<meta property=\"article:modified_time\" content=\"2026-01-31T10:41:09+00:00\" \/>\n<meta property=\"og:image\" content=\"http:\/\/www.ub.edu\/serp\/web\/wp-content\/uploads\/Prehist_2026-01-31-001.jpg\" \/>\n\t<meta property=\"og:image:width\" content=\"320\" \/>\n\t<meta property=\"og:image:height\" content=\"320\" \/>\n\t<meta property=\"og:image:type\" content=\"image\/jpeg\" \/>\n<meta name=\"author\" content=\"socoserp\" \/>\n<meta name=\"twitter:card\" content=\"summary_large_image\" \/>\n<meta name=\"twitter:label1\" content=\"Escrit per\" \/>\n\t<meta name=\"twitter:data1\" content=\"socoserp\" \/>\n\t<meta name=\"twitter:label2\" content=\"Temps estimat de lectura\" \/>\n\t<meta name=\"twitter:data2\" content=\"2 minuts\" \/>\n<script type=\"application\/ld+json\" class=\"yoast-schema-graph\">{\"@context\":\"https:\/\/schema.org\",\"@graph\":[{\"@type\":\"Article\",\"@id\":\"https:\/\/www.ub.edu\/serp\/web\/el-control-humano-del-fuego-empezo-mucho-antes-de-lo-pensado\/#article\",\"isPartOf\":{\"@id\":\"https:\/\/www.ub.edu\/serp\/web\/el-control-humano-del-fuego-empezo-mucho-antes-de-lo-pensado\/\"},\"author\":{\"name\":\"socoserp\",\"@id\":\"https:\/\/www.ub.edu\/serp\/web\/#\/schema\/person\/3f590b3dfeb8caf90e6f0c7204507fb7\"},\"headline\":\"El control humano del fuego empez\u00f3 mucho antes de lo pensado\",\"datePublished\":\"2026-01-13T10:32:16+00:00\",\"dateModified\":\"2026-01-31T10:41:09+00:00\",\"mainEntityOfPage\":{\"@id\":\"https:\/\/www.ub.edu\/serp\/web\/el-control-humano-del-fuego-empezo-mucho-antes-de-lo-pensado\/\"},\"wordCount\":162,\"commentCount\":0,\"publisher\":{\"@id\":\"https:\/\/www.ub.edu\/serp\/web\/#organization\"},\"image\":{\"@id\":\"https:\/\/www.ub.edu\/serp\/web\/el-control-humano-del-fuego-empezo-mucho-antes-de-lo-pensado\/#primaryimage\"},\"thumbnailUrl\":\"https:\/\/www.ub.edu\/serp\/web\/wp-content\/uploads\/Prehist_2026-01-31-001.jpg\",\"articleSection\":[\"Not\u00edcies\"],\"inLanguage\":\"ca\",\"potentialAction\":[{\"@type\":\"CommentAction\",\"name\":\"Comment\",\"target\":[\"https:\/\/www.ub.edu\/serp\/web\/el-control-humano-del-fuego-empezo-mucho-antes-de-lo-pensado\/#respond\"]}]},{\"@type\":\"WebPage\",\"@id\":\"https:\/\/www.ub.edu\/serp\/web\/el-control-humano-del-fuego-empezo-mucho-antes-de-lo-pensado\/\",\"url\":\"https:\/\/www.ub.edu\/serp\/web\/el-control-humano-del-fuego-empezo-mucho-antes-de-lo-pensado\/\",\"name\":\"El control humano del fuego empez\u00f3 mucho antes de lo pensado - Grup de Recerca SERP\",\"isPartOf\":{\"@id\":\"https:\/\/www.ub.edu\/serp\/web\/#website\"},\"primaryImageOfPage\":{\"@id\":\"https:\/\/www.ub.edu\/serp\/web\/el-control-humano-del-fuego-empezo-mucho-antes-de-lo-pensado\/#primaryimage\"},\"image\":{\"@id\":\"https:\/\/www.ub.edu\/serp\/web\/el-control-humano-del-fuego-empezo-mucho-antes-de-lo-pensado\/#primaryimage\"},\"thumbnailUrl\":\"https:\/\/www.ub.edu\/serp\/web\/wp-content\/uploads\/Prehist_2026-01-31-001.jpg\",\"datePublished\":\"2026-01-13T10:32:16+00:00\",\"dateModified\":\"2026-01-31T10:41:09+00:00\",\"breadcrumb\":{\"@id\":\"https:\/\/www.ub.edu\/serp\/web\/el-control-humano-del-fuego-empezo-mucho-antes-de-lo-pensado\/#breadcrumb\"},\"inLanguage\":\"ca\",\"potentialAction\":[{\"@type\":\"ReadAction\",\"target\":[\"https:\/\/www.ub.edu\/serp\/web\/el-control-humano-del-fuego-empezo-mucho-antes-de-lo-pensado\/\"]}]},{\"@type\":\"ImageObject\",\"inLanguage\":\"ca\",\"@id\":\"https:\/\/www.ub.edu\/serp\/web\/el-control-humano-del-fuego-empezo-mucho-antes-de-lo-pensado\/#primaryimage\",\"url\":\"https:\/\/www.ub.edu\/serp\/web\/wp-content\/uploads\/Prehist_2026-01-31-001.jpg\",\"contentUrl\":\"https:\/\/www.ub.edu\/serp\/web\/wp-content\/uploads\/Prehist_2026-01-31-001.jpg\",\"width\":320,\"height\":320},{\"@type\":\"BreadcrumbList\",\"@id\":\"https:\/\/www.ub.edu\/serp\/web\/el-control-humano-del-fuego-empezo-mucho-antes-de-lo-pensado\/#breadcrumb\",\"itemListElement\":[{\"@type\":\"ListItem\",\"position\":1,\"name\":\"Inici\",\"item\":\"https:\/\/www.ub.edu\/serp\/web\/\"},{\"@type\":\"ListItem\",\"position\":2,\"name\":\"El control humano del fuego empez\u00f3 mucho antes de lo pensado\"}]},{\"@type\":\"WebSite\",\"@id\":\"https:\/\/www.ub.edu\/serp\/web\/#website\",\"url\":\"https:\/\/www.ub.edu\/serp\/web\/\",\"name\":\"Grup de Recerca SERP\",\"description\":\"\",\"publisher\":{\"@id\":\"https:\/\/www.ub.edu\/serp\/web\/#organization\"},\"potentialAction\":[{\"@type\":\"SearchAction\",\"target\":{\"@type\":\"EntryPoint\",\"urlTemplate\":\"https:\/\/www.ub.edu\/serp\/web\/?s={search_term_string}\"},\"query-input\":{\"@type\":\"PropertyValueSpecification\",\"valueRequired\":true,\"valueName\":\"search_term_string\"}}],\"inLanguage\":\"ca\"},{\"@type\":\"Organization\",\"@id\":\"https:\/\/www.ub.edu\/serp\/web\/#organization\",\"name\":\"Grup de Recerca SERP\",\"url\":\"https:\/\/www.ub.edu\/serp\/web\/\",\"logo\":{\"@type\":\"ImageObject\",\"inLanguage\":\"ca\",\"@id\":\"https:\/\/www.ub.edu\/serp\/web\/#\/schema\/logo\/image\/\",\"url\":\"https:\/\/www.ub.edu\/serp\/web\/wp-content\/uploads\/2024\/01\/cropped-cropped-cropped-logo_web_serp_2019-1.png\",\"contentUrl\":\"https:\/\/www.ub.edu\/serp\/web\/wp-content\/uploads\/2024\/01\/cropped-cropped-cropped-logo_web_serp_2019-1.png\",\"width\":310,\"height\":184,\"caption\":\"Grup de Recerca SERP\"},\"image\":{\"@id\":\"https:\/\/www.ub.edu\/serp\/web\/#\/schema\/logo\/image\/\"}},{\"@type\":\"Person\",\"@id\":\"https:\/\/www.ub.edu\/serp\/web\/#\/schema\/person\/3f590b3dfeb8caf90e6f0c7204507fb7\",\"name\":\"socoserp\",\"image\":{\"@type\":\"ImageObject\",\"inLanguage\":\"ca\",\"@id\":\"https:\/\/www.ub.edu\/serp\/web\/#\/schema\/person\/image\/\",\"url\":\"https:\/\/secure.gravatar.com\/avatar\/4155954d42a2d92368b1ad3f5aa09837eb7b169776f463b01892ae4631f20f46?s=96&d=mm&r=g\",\"contentUrl\":\"https:\/\/secure.gravatar.com\/avatar\/4155954d42a2d92368b1ad3f5aa09837eb7b169776f463b01892ae4631f20f46?s=96&d=mm&r=g\",\"caption\":\"socoserp\"},\"url\":\"https:\/\/www.ub.edu\/serp\/web\/author\/socoserp\/\"}]}<\/script>\n<!-- \/ Yoast SEO plugin. -->","yoast_head_json":{"title":"El control humano del fuego empez\u00f3 mucho antes de lo pensado - Grup de Recerca SERP","robots":{"index":"index","follow":"follow","max-snippet":"max-snippet:-1","max-image-preview":"max-image-preview:large","max-video-preview":"max-video-preview:-1"},"canonical":"https:\/\/www.ub.edu\/serp\/web\/el-control-humano-del-fuego-empezo-mucho-antes-de-lo-pensado\/","og_locale":"ca_ES","og_type":"article","og_title":"El control humano del fuego empez\u00f3 mucho antes de lo pensado - Grup de Recerca SERP","og_description":"El control humano del fuego empez\u00f3 mucho antes de lo pensado Not\u00edcia publicada a RNE Radio (A golpe de bit) \u00a0 Nuevas evidencias arqueol\u00f3gicas sit\u00faan la producci\u00f3n y el control [&hellip;]","og_url":"https:\/\/www.ub.edu\/serp\/web\/el-control-humano-del-fuego-empezo-mucho-antes-de-lo-pensado\/","og_site_name":"Grup de Recerca SERP","article_published_time":"2026-01-13T10:32:16+00:00","article_modified_time":"2026-01-31T10:41:09+00:00","og_image":[{"width":320,"height":320,"url":"http:\/\/www.ub.edu\/serp\/web\/wp-content\/uploads\/Prehist_2026-01-31-001.jpg","type":"image\/jpeg"}],"author":"socoserp","twitter_card":"summary_large_image","twitter_misc":{"Escrit per":"socoserp","Temps estimat de lectura":"2 minuts"},"schema":{"@context":"https:\/\/schema.org","@graph":[{"@type":"Article","@id":"https:\/\/www.ub.edu\/serp\/web\/el-control-humano-del-fuego-empezo-mucho-antes-de-lo-pensado\/#article","isPartOf":{"@id":"https:\/\/www.ub.edu\/serp\/web\/el-control-humano-del-fuego-empezo-mucho-antes-de-lo-pensado\/"},"author":{"name":"socoserp","@id":"https:\/\/www.ub.edu\/serp\/web\/#\/schema\/person\/3f590b3dfeb8caf90e6f0c7204507fb7"},"headline":"El control humano del fuego empez\u00f3 mucho antes de lo pensado","datePublished":"2026-01-13T10:32:16+00:00","dateModified":"2026-01-31T10:41:09+00:00","mainEntityOfPage":{"@id":"https:\/\/www.ub.edu\/serp\/web\/el-control-humano-del-fuego-empezo-mucho-antes-de-lo-pensado\/"},"wordCount":162,"commentCount":0,"publisher":{"@id":"https:\/\/www.ub.edu\/serp\/web\/#organization"},"image":{"@id":"https:\/\/www.ub.edu\/serp\/web\/el-control-humano-del-fuego-empezo-mucho-antes-de-lo-pensado\/#primaryimage"},"thumbnailUrl":"https:\/\/www.ub.edu\/serp\/web\/wp-content\/uploads\/Prehist_2026-01-31-001.jpg","articleSection":["Not\u00edcies"],"inLanguage":"ca","potentialAction":[{"@type":"CommentAction","name":"Comment","target":["https:\/\/www.ub.edu\/serp\/web\/el-control-humano-del-fuego-empezo-mucho-antes-de-lo-pensado\/#respond"]}]},{"@type":"WebPage","@id":"https:\/\/www.ub.edu\/serp\/web\/el-control-humano-del-fuego-empezo-mucho-antes-de-lo-pensado\/","url":"https:\/\/www.ub.edu\/serp\/web\/el-control-humano-del-fuego-empezo-mucho-antes-de-lo-pensado\/","name":"El control humano del fuego empez\u00f3 mucho antes de lo pensado - Grup de Recerca SERP","isPartOf":{"@id":"https:\/\/www.ub.edu\/serp\/web\/#website"},"primaryImageOfPage":{"@id":"https:\/\/www.ub.edu\/serp\/web\/el-control-humano-del-fuego-empezo-mucho-antes-de-lo-pensado\/#primaryimage"},"image":{"@id":"https:\/\/www.ub.edu\/serp\/web\/el-control-humano-del-fuego-empezo-mucho-antes-de-lo-pensado\/#primaryimage"},"thumbnailUrl":"https:\/\/www.ub.edu\/serp\/web\/wp-content\/uploads\/Prehist_2026-01-31-001.jpg","datePublished":"2026-01-13T10:32:16+00:00","dateModified":"2026-01-31T10:41:09+00:00","breadcrumb":{"@id":"https:\/\/www.ub.edu\/serp\/web\/el-control-humano-del-fuego-empezo-mucho-antes-de-lo-pensado\/#breadcrumb"},"inLanguage":"ca","potentialAction":[{"@type":"ReadAction","target":["https:\/\/www.ub.edu\/serp\/web\/el-control-humano-del-fuego-empezo-mucho-antes-de-lo-pensado\/"]}]},{"@type":"ImageObject","inLanguage":"ca","@id":"https:\/\/www.ub.edu\/serp\/web\/el-control-humano-del-fuego-empezo-mucho-antes-de-lo-pensado\/#primaryimage","url":"https:\/\/www.ub.edu\/serp\/web\/wp-content\/uploads\/Prehist_2026-01-31-001.jpg","contentUrl":"https:\/\/www.ub.edu\/serp\/web\/wp-content\/uploads\/Prehist_2026-01-31-001.jpg","width":320,"height":320},{"@type":"BreadcrumbList","@id":"https:\/\/www.ub.edu\/serp\/web\/el-control-humano-del-fuego-empezo-mucho-antes-de-lo-pensado\/#breadcrumb","itemListElement":[{"@type":"ListItem","position":1,"name":"Inici","item":"https:\/\/www.ub.edu\/serp\/web\/"},{"@type":"ListItem","position":2,"name":"El control humano del fuego empez\u00f3 mucho antes de lo pensado"}]},{"@type":"WebSite","@id":"https:\/\/www.ub.edu\/serp\/web\/#website","url":"https:\/\/www.ub.edu\/serp\/web\/","name":"Grup de Recerca SERP","description":"","publisher":{"@id":"https:\/\/www.ub.edu\/serp\/web\/#organization"},"potentialAction":[{"@type":"SearchAction","target":{"@type":"EntryPoint","urlTemplate":"https:\/\/www.ub.edu\/serp\/web\/?s={search_term_string}"},"query-input":{"@type":"PropertyValueSpecification","valueRequired":true,"valueName":"search_term_string"}}],"inLanguage":"ca"},{"@type":"Organization","@id":"https:\/\/www.ub.edu\/serp\/web\/#organization","name":"Grup de Recerca SERP","url":"https:\/\/www.ub.edu\/serp\/web\/","logo":{"@type":"ImageObject","inLanguage":"ca","@id":"https:\/\/www.ub.edu\/serp\/web\/#\/schema\/logo\/image\/","url":"https:\/\/www.ub.edu\/serp\/web\/wp-content\/uploads\/2024\/01\/cropped-cropped-cropped-logo_web_serp_2019-1.png","contentUrl":"https:\/\/www.ub.edu\/serp\/web\/wp-content\/uploads\/2024\/01\/cropped-cropped-cropped-logo_web_serp_2019-1.png","width":310,"height":184,"caption":"Grup de Recerca SERP"},"image":{"@id":"https:\/\/www.ub.edu\/serp\/web\/#\/schema\/logo\/image\/"}},{"@type":"Person","@id":"https:\/\/www.ub.edu\/serp\/web\/#\/schema\/person\/3f590b3dfeb8caf90e6f0c7204507fb7","name":"socoserp","image":{"@type":"ImageObject","inLanguage":"ca","@id":"https:\/\/www.ub.edu\/serp\/web\/#\/schema\/person\/image\/","url":"https:\/\/secure.gravatar.com\/avatar\/4155954d42a2d92368b1ad3f5aa09837eb7b169776f463b01892ae4631f20f46?s=96&d=mm&r=g","contentUrl":"https:\/\/secure.gravatar.com\/avatar\/4155954d42a2d92368b1ad3f5aa09837eb7b169776f463b01892ae4631f20f46?s=96&d=mm&r=g","caption":"socoserp"},"url":"https:\/\/www.ub.edu\/serp\/web\/author\/socoserp\/"}]}},"_links":{"self":[{"href":"https:\/\/www.ub.edu\/serp\/web\/wp-json\/wp\/v2\/posts\/6695","targetHints":{"allow":["GET"]}}],"collection":[{"href":"https:\/\/www.ub.edu\/serp\/web\/wp-json\/wp\/v2\/posts"}],"about":[{"href":"https:\/\/www.ub.edu\/serp\/web\/wp-json\/wp\/v2\/types\/post"}],"author":[{"embeddable":true,"href":"https:\/\/www.ub.edu\/serp\/web\/wp-json\/wp\/v2\/users\/3"}],"replies":[{"embeddable":true,"href":"https:\/\/www.ub.edu\/serp\/web\/wp-json\/wp\/v2\/comments?post=6695"}],"version-history":[{"count":10,"href":"https:\/\/www.ub.edu\/serp\/web\/wp-json\/wp\/v2\/posts\/6695\/revisions"}],"predecessor-version":[{"id":6707,"href":"https:\/\/www.ub.edu\/serp\/web\/wp-json\/wp\/v2\/posts\/6695\/revisions\/6707"}],"wp:featuredmedia":[{"embeddable":true,"href":"https:\/\/www.ub.edu\/serp\/web\/wp-json\/wp\/v2\/media\/6698"}],"wp:attachment":[{"href":"https:\/\/www.ub.edu\/serp\/web\/wp-json\/wp\/v2\/media?parent=6695"}],"wp:term":[{"taxonomy":"category","embeddable":true,"href":"https:\/\/www.ub.edu\/serp\/web\/wp-json\/wp\/v2\/categories?post=6695"},{"taxonomy":"post_tag","embeddable":true,"href":"https:\/\/www.ub.edu\/serp\/web\/wp-json\/wp\/v2\/tags?post=6695"}],"curies":[{"name":"wp","href":"https:\/\/api.w.org\/{rel}","templated":true}]}}